{"id":53399,"date":"2020-03-28T19:59:18","date_gmt":"2020-03-28T22:59:18","guid":{"rendered":"http:\/\/blogdoedvaldomagalhaes.com.br\/?p=53399"},"modified":"2020-03-28T19:59:21","modified_gmt":"2020-03-28T22:59:21","slug":"brasil-registra-3-904-casos-confirmados-de-coronavirus-e-114-mortes","status":"publish","type":"post","link":"https:\/\/blogdoedvaldomagalhaes.com.br\/index.php\/2020\/03\/28\/brasil-registra-3-904-casos-confirmados-de-coronavirus-e-114-mortes\/","title":{"rendered":"Brasil registra 3.904 casos confirmados de coronav\u00edrus e 114 mortes"},"content":{"rendered":"<div style=\"text-align: justify;\">Subiu para 3.904 os casos confirmados de coronav\u00edrus no Brasil. O n\u00famero de \u00f3bitos tamb\u00e9m aumentou para 111. De acordo com informa\u00e7\u00f5es repassadas pelos estados ao Minist\u00e9rio da Sa\u00fade, at\u00e9 as 16h deste s\u00e1bado (28), as mortes est\u00e3o localizadas nos estados do Amazonas (1), Cear\u00e1 (4), Pernambuco (5), Piau\u00ed (1), Rio de Janeiro (13), Goi\u00e1s (1), Paran\u00e1 (2), Santa Catarina (1) e Rio Grande do Sul (2). S\u00e3o Paulo continua registrando o maior n\u00famero de casos e de mortes, s\u00e3o 84 \u00f3bitos no estado.<\/div>\n<div style=\"text-align: justify;\"><\/div>\n<div style=\"text-align: justify;\">Durante a coletiva, o ministro da Sa\u00fade, Luiz Henrique Mandetta, explicou que agora \u00e9 um momento que o Brasil precisa se unir e andar na mesma dire\u00e7\u00e3o para passar pela crise com o menor estrago poss\u00edvel. &#8220;Precisamos ter racionalidade e n\u00e3o nos mover por impulso. Vamos nos mover pela ci\u00eancia, pela parte t\u00e9cnica, com planejamento e pensando em todos os cen\u00e1rios. N\u00e3o podemos agir pensando individualmente, mas coletivamente. \u00c9 hora da Uni\u00e3o, estados, munic\u00edpios e popula\u00e7\u00e3o estarem bem alinhados para enfrentarmos juntos essa fase ruim&#8221;, explicou Mandetta.<\/div>\n<div><\/div>\n<div>Fonte: Minist\u00e9rio da Sa\u00fade<\/div>\n<div>Foto: Marcello Casal Jr\/Ag\u00eancia Brasil<\/div>\n","protected":false},"excerpt":{"rendered":"<p>Subiu para 3.904 os casos confirmados de coronav\u00edrus no Brasil. O n\u00famero de \u00f3bitos tamb\u00e9m aumentou para 111. De acordo&hellip;<\/p>\n","protected":false},"author":1,"featured_media":53400,"comment_status":"open","ping_status":"open","sticky":false,"template":"","format":"standard","meta":{"footnotes":""},"categories":[14120],"tags":[2,17661,16881],"class_list":["post-53399","post","type-post","status-publish","format-standard","has-post-thumbnail","hentry","category-noticias","tag-blog-do-edvaldo-magalhaes","tag-brasil-registra-3-904-casos-confirmados-de-coronavirus-e-114-mortes","tag-caruaru-e-regiao"],"_links":{"self":[{"href":"https:\/\/blogdoedvaldomagalhaes.com.br\/index.php\/wp-json\/wp\/v2\/posts\/53399","targetHints":{"allow":["GET"]}}],"collection":[{"href":"https:\/\/blogdoedvaldomagalhaes.com.br\/index.php\/wp-json\/wp\/v2\/posts"}],"about":[{"href":"https:\/\/blogdoedvaldomagalhaes.com.br\/index.php\/wp-json\/wp\/v2\/types\/post"}],"author":[{"embeddable":true,"href":"https:\/\/blogdoedvaldomagalhaes.com.br\/index.php\/wp-json\/wp\/v2\/users\/1"}],"replies":[{"embeddable":true,"href":"https:\/\/blogdoedvaldomagalhaes.com.br\/index.php\/wp-json\/wp\/v2\/comments?post=53399"}],"version-history":[{"count":1,"href":"https:\/\/blogdoedvaldomagalhaes.com.br\/index.php\/wp-json\/wp\/v2\/posts\/53399\/revisions"}],"predecessor-version":[{"id":53401,"href":"https:\/\/blogdoedvaldomagalhaes.com.br\/index.php\/wp-json\/wp\/v2\/posts\/53399\/revisions\/53401"}],"wp:featuredmedia":[{"embeddable":true,"href":"https:\/\/blogdoedvaldomagalhaes.com.br\/index.php\/wp-json\/wp\/v2\/media\/53400"}],"wp:attachment":[{"href":"https:\/\/blogdoedvaldomagalhaes.com.br\/index.php\/wp-json\/wp\/v2\/media?parent=53399"}],"wp:term":[{"taxonomy":"category","embeddable":true,"href":"https:\/\/blogdoedvaldomagalhaes.com.br\/index.php\/wp-json\/wp\/v2\/categories?post=53399"},{"taxonomy":"post_tag","embeddable":true,"href":"https:\/\/blogdoedvaldomagalhaes.com.br\/index.php\/wp-json\/wp\/v2\/tags?post=53399"}],"curies":[{"name":"wp","href":"https:\/\/api.w.org\/{rel}","templated":true}]}}