{"id":53395,"date":"2020-03-28T18:38:39","date_gmt":"2020-03-28T21:38:39","guid":{"rendered":"http:\/\/blogdoedvaldomagalhaes.com.br\/?p=53395"},"modified":"2020-03-28T20:31:53","modified_gmt":"2020-03-28T23:31:53","slug":"bebe-e-encontrada-dentro-do-lixo-em-surubim","status":"publish","type":"post","link":"https:\/\/blogdoedvaldomagalhaes.com.br\/index.php\/2020\/03\/28\/bebe-e-encontrada-dentro-do-lixo-em-surubim\/","title":{"rendered":"Beb\u00ea \u00e9 encontrada dentro do lixo em Surubim"},"content":{"rendered":"<p style=\"text-align: justify;\">Uma rec\u00e9m-nascida foi encontrada dentro de um balde de lixo, neste s\u00e1bado (28), em Surubim, no Agreste de Pernambuco.<\/p>\n<div style=\"text-align: justify;\">De acordo com \u00e0s informa\u00e7\u00f5es repassadas ao rep\u00f3rter Kalebe Pereira, a mulher que aparece na imagem com a crian\u00e7a, passava pr\u00f3ximo ao matadouro quando ouviu o choro da menina, encontrando a beb\u00ea enrolada e dentro de um recipiente de lixo. A crian\u00e7a foi socorrida e chegou no Hospital Maternidade S\u00e3o Luiz, naquela cidade, ainda com a placenta. V\u00e1rias pessoas j\u00e1 se prontificaram em adotar a beb\u00ea.<\/div>\n<div style=\"text-align: justify;\"><\/div>\n<div style=\"text-align: justify;\">A pol\u00edcia recebeu informa\u00e7\u00f5es an\u00f4nimas, que apreendeu uma adolescente de 15 anos, acusada de ter jogado a rec\u00e9m-nascida no lixo, na manh\u00e3 deste s\u00e1bado (28).<\/div>\n<div style=\"text-align: justify;\"><\/div>\n<div style=\"text-align: justify;\">Do Blog Caruaru 24hs.<\/div>\n","protected":false},"excerpt":{"rendered":"<p>Uma rec\u00e9m-nascida foi encontrada dentro de um balde de lixo, neste s\u00e1bado (28), em Surubim, no Agreste de Pernambuco. De&hellip;<\/p>\n","protected":false},"author":1,"featured_media":53396,"comment_status":"open","ping_status":"open","sticky":false,"template":"","format":"standard","meta":{"footnotes":""},"categories":[14121],"tags":[17660,2,16881],"class_list":["post-53395","post","type-post","status-publish","format-standard","has-post-thumbnail","hentry","category-policial","tag-bebe-e-encontrada-dentro-do-lixo-em-surubim","tag-blog-do-edvaldo-magalhaes","tag-caruaru-e-regiao"],"_links":{"self":[{"href":"https:\/\/blogdoedvaldomagalhaes.com.br\/index.php\/wp-json\/wp\/v2\/posts\/53395","targetHints":{"allow":["GET"]}}],"collection":[{"href":"https:\/\/blogdoedvaldomagalhaes.com.br\/index.php\/wp-json\/wp\/v2\/posts"}],"about":[{"href":"https:\/\/blogdoedvaldomagalhaes.com.br\/index.php\/wp-json\/wp\/v2\/types\/post"}],"author":[{"embeddable":true,"href":"https:\/\/blogdoedvaldomagalhaes.com.br\/index.php\/wp-json\/wp\/v2\/users\/1"}],"replies":[{"embeddable":true,"href":"https:\/\/blogdoedvaldomagalhaes.com.br\/index.php\/wp-json\/wp\/v2\/comments?post=53395"}],"version-history":[{"count":3,"href":"https:\/\/blogdoedvaldomagalhaes.com.br\/index.php\/wp-json\/wp\/v2\/posts\/53395\/revisions"}],"predecessor-version":[{"id":53402,"href":"https:\/\/blogdoedvaldomagalhaes.com.br\/index.php\/wp-json\/wp\/v2\/posts\/53395\/revisions\/53402"}],"wp:featuredmedia":[{"embeddable":true,"href":"https:\/\/blogdoedvaldomagalhaes.com.br\/index.php\/wp-json\/wp\/v2\/media\/53396"}],"wp:attachment":[{"href":"https:\/\/blogdoedvaldomagalhaes.com.br\/index.php\/wp-json\/wp\/v2\/media?parent=53395"}],"wp:term":[{"taxonomy":"category","embeddable":true,"href":"https:\/\/blogdoedvaldomagalhaes.com.br\/index.php\/wp-json\/wp\/v2\/categories?post=53395"},{"taxonomy":"post_tag","embeddable":true,"href":"https:\/\/blogdoedvaldomagalhaes.com.br\/index.php\/wp-json\/wp\/v2\/tags?post=53395"}],"curies":[{"name":"wp","href":"https:\/\/api.w.org\/{rel}","templated":true}]}}