{"id":53389,"date":"2020-03-28T17:50:47","date_gmt":"2020-03-28T20:50:47","guid":{"rendered":"http:\/\/blogdoedvaldomagalhaes.com.br\/?p=53389"},"modified":"2020-03-28T17:50:49","modified_gmt":"2020-03-28T20:50:49","slug":"rede-de-solidariedade-e-criada-para-ajudar-pessoas-prejudicadas-pelo-isolamento-social","status":"publish","type":"post","link":"https:\/\/blogdoedvaldomagalhaes.com.br\/index.php\/2020\/03\/28\/rede-de-solidariedade-e-criada-para-ajudar-pessoas-prejudicadas-pelo-isolamento-social\/","title":{"rendered":"Rede de Solidariedade \u00e9 criada para ajudar pessoas prejudicadas pelo isolamento social"},"content":{"rendered":"<p style=\"text-align: justify;\"><span style=\"font-size: inherit;\">A Covid-19 trouxe com ela tamb\u00e9m uma onda de bons sentimentos em quem v\u00ea no outro o pedido de ajuda. Em Caruaru, a Rede de Solidariedade, encabe\u00e7ada pela plataforma Transforma Caruaru, chegou para provocar ainda mais essa boa vontade, com uma s\u00e9rie de a\u00e7\u00f5es para a popula\u00e7\u00e3o, com o apoio de v\u00e1rias institui\u00e7\u00f5es e do Munic\u00edpio.<\/span><\/p>\n<p style=\"text-align: justify;\">Para refor\u00e7ar a necessidade da ajuda de todos, o Transforma Caruaru est\u00e1 arrecadando doa\u00e7\u00f5es para minimizar o impacto da crise econ\u00f4mica causada pelo isolamento social, provocado pelo novo coronav\u00edrus. Afinal, al\u00e9m dos riscos \u00e0 sa\u00fade, a pandemia do Covid-19 traz inseguran\u00e7as financeiras para os brasileiros, especialmente os mais vulner\u00e1veis socialmente.<\/p>\n<p style=\"text-align: justify;\">Para quem estiver disposto a ajudar, as doa\u00e7\u00f5es podem ser feitas pela conta do Lions Caruaru, um dos apoiadores da a\u00e7\u00e3o: Banco do Brasil, Ag\u00eancia n\u2070 1421-4, Conta Corrente n\u2070 16355-4, CNPJ 10022291\/0001-72. Dois pontos de arrecada\u00e7\u00e3o tamb\u00e9m est\u00e3o dispon\u00edveis: Prefeitura de Caruaru, na Pra\u00e7a Teot\u00f4nio Vilela, s\/n, bairro Nossa Senhora das Dores; e no Lions Internacional, localizado na rua Su\u00ed\u00e7a, n\u2070 100, bairro Universit\u00e1rio.<\/p>\n<p style=\"text-align: justify;\">A Rede de Solidariedade conta com o apoio da Prefeitura de Caruaru, Juri Coworking, Rotary Caruaru, lojas Ma\u00e7\u00f4nicas, CDL Caruaru, Lions Internacional, Diocese de Caruaru, Igrejas Evang\u00e9licas, Centros Esp\u00edritas e da comunidade Hare Krishna do munic\u00edpio. Todo o valor arrecadado ser\u00e1 transformado em cestas b\u00e1sicas e material de higiene para os mais necessitados.<\/p>\n<p style=\"text-align: justify;\">A prefeita Raquel Lyra destacou a import\u00e2ncia da parceria entre o governo municipal e a sociedade civil atrav\u00e9s da plataforma. \u201cAs pessoas cada vez mais v\u00e3o precisar da for\u00e7a da solidariedade e, quando a gente mostra que estamos juntos, isso traz mais for\u00e7a para ajudar a quem precisa. A proposta \u00e9 constru\u00edda em conjunto, cada um trabalhando da sua forma\u201d.<\/p>\n<p style=\"text-align: justify;\">A campanha foi apresentada no Decreto publicado na quinta-feira (26). Tudo que for arrecadado ser\u00e1 prestado contas \u00e0 sociedade, informando o direcionamento de todas as doa\u00e7\u00f5es.<\/p>\n","protected":false},"excerpt":{"rendered":"<p>A Covid-19 trouxe com ela tamb\u00e9m uma onda de bons sentimentos em quem v\u00ea no outro o pedido de ajuda.&hellip;<\/p>\n","protected":false},"author":1,"featured_media":53390,"comment_status":"open","ping_status":"open","sticky":false,"template":"","format":"standard","meta":{"footnotes":""},"categories":[14120],"tags":[2,16881,17657],"class_list":["post-53389","post","type-post","status-publish","format-standard","has-post-thumbnail","hentry","category-noticias","tag-blog-do-edvaldo-magalhaes","tag-caruaru-e-regiao","tag-rede-de-solidariedade-e-criada-para-ajudar-pessoas-prejudicadas-pelo-isolamento-social"],"_links":{"self":[{"href":"https:\/\/blogdoedvaldomagalhaes.com.br\/index.php\/wp-json\/wp\/v2\/posts\/53389","targetHints":{"allow":["GET"]}}],"collection":[{"href":"https:\/\/blogdoedvaldomagalhaes.com.br\/index.php\/wp-json\/wp\/v2\/posts"}],"about":[{"href":"https:\/\/blogdoedvaldomagalhaes.com.br\/index.php\/wp-json\/wp\/v2\/types\/post"}],"author":[{"embeddable":true,"href":"https:\/\/blogdoedvaldomagalhaes.com.br\/index.php\/wp-json\/wp\/v2\/users\/1"}],"replies":[{"embeddable":true,"href":"https:\/\/blogdoedvaldomagalhaes.com.br\/index.php\/wp-json\/wp\/v2\/comments?post=53389"}],"version-history":[{"count":1,"href":"https:\/\/blogdoedvaldomagalhaes.com.br\/index.php\/wp-json\/wp\/v2\/posts\/53389\/revisions"}],"predecessor-version":[{"id":53391,"href":"https:\/\/blogdoedvaldomagalhaes.com.br\/index.php\/wp-json\/wp\/v2\/posts\/53389\/revisions\/53391"}],"wp:featuredmedia":[{"embeddable":true,"href":"https:\/\/blogdoedvaldomagalhaes.com.br\/index.php\/wp-json\/wp\/v2\/media\/53390"}],"wp:attachment":[{"href":"https:\/\/blogdoedvaldomagalhaes.com.br\/index.php\/wp-json\/wp\/v2\/media?parent=53389"}],"wp:term":[{"taxonomy":"category","embeddable":true,"href":"https:\/\/blogdoedvaldomagalhaes.com.br\/index.php\/wp-json\/wp\/v2\/categories?post=53389"},{"taxonomy":"post_tag","embeddable":true,"href":"https:\/\/blogdoedvaldomagalhaes.com.br\/index.php\/wp-json\/wp\/v2\/tags?post=53389"}],"curies":[{"name":"wp","href":"https:\/\/api.w.org\/{rel}","templated":true}]}}