{"id":5338,"date":"2017-07-17T18:51:00","date_gmt":"2017-07-17T21:51:00","guid":{"rendered":"http:\/\/blogdoedvaldomagalhaes.com.br\/index.php\/2017\/07\/17\/compartilhe-e-ajude-recem-nascido\/"},"modified":"2019-02-09T01:35:49","modified_gmt":"2019-02-09T03:35:49","slug":"compartilhe-e-ajude-recem-nascido","status":"publish","type":"post","link":"https:\/\/blogdoedvaldomagalhaes.com.br\/index.php\/2017\/07\/17\/compartilhe-e-ajude-recem-nascido\/","title":{"rendered":"Compartilhe e ajude: rec\u00e9m-nascido precisa de doa\u00e7\u00f5es de sangue"},"content":{"rendered":"<div class=\"separator\" style=\"clear: both; text-align: center;\">\n<a href=\"https:\/\/1.bp.blogspot.com\/-DMmMvHuR_lU\/WW0HRS2LWbI\/AAAAAAAAZko\/eEbOehp794ETRVeET7BaHgn532EXFgqTgCLcBGAs\/s1600\/crian%25C3%25A7a.jpg\" imageanchor=\"1\" style=\"margin-left: 1em; margin-right: 1em;\"><img loading=\"lazy\" decoding=\"async\" border=\"0\" data-original-height=\"640\" data-original-width=\"640\" height=\"400\" src=\"http:\/\/blogdoedvaldomagalhaes.com.br\/wp-content\/uploads\/2017\/07\/crianC3A7a.jpg\" width=\"400\" \/><\/a><\/div>\n<div class=\"MsoNormal\" style=\"text-align: justify;\">\n<\/div>\n<div class=\"MsoNormal\" style=\"text-align: justify;\">\nUm rec\u00e9m-nascido est\u00e1 precisando urgentemente de doa\u00e7\u00f5es de sangue, ajude. Leia o apelo do pai do beb\u00ea, F\u00e1bio Jos\u00e9: &#8220;Pessoal meu filho<br \/>\nrec\u00e9m-nascido est\u00e1 com um quadro \u00e9 leucemia transit\u00f3ria, ele precisa de doa\u00e7\u00f5es de sangue de qualquer tipo, pois serve pra o banco de sangue. Por favor quem puder<br \/>\ndoar e pedir o comprovante de doa\u00e7\u00e3o e mandar no privado a foto ficaremos muito agradecidos. O nome dele \u00e9 Luiz Felipe de Souza Silva, est\u00e1 internado no 2\u00ba andar da<br \/>\nenfermaria oncol\u00f3gica do IMIP em Recife. Desde j\u00e1, agrade\u00e7o a todos pela corrente de f\u00e9 e<br \/>\namor ao pr\u00f3ximo. Grato&#8221;,&nbsp;F\u00e1bio Jos\u00e9: 81-99242-1222.<\/p>\n<p><\/p>\n<div class=\"separator\" style=\"clear: both; text-align: center;\">\n<a href=\"https:\/\/3.bp.blogspot.com\/-7O7mayEDKwg\/WW0LeHOYThI\/AAAAAAAAZkw\/fICeeANCtLM6jV8IHGq1QPeBJ2LZNztJQCLcBGAs\/s1600\/crian%25C3%25A7a%2B1%255B.jpg\" imageanchor=\"1\" style=\"margin-left: 1em; margin-right: 1em;\"><img loading=\"lazy\" decoding=\"async\" border=\"0\" data-original-height=\"960\" data-original-width=\"540\" height=\"400\" src=\"http:\/\/blogdoedvaldomagalhaes.com.br\/wp-content\/uploads\/2017\/07\/crianC3A7a15B.jpg\" width=\"225\" \/><\/a><\/div>\n<p>\nO Blog faz um apelo para que todos compare\u00e7am ao Hemope e fa\u00e7am suas doa\u00e7\u00f5es de sangue, em nome do rec\u00e9m-nascido. Compartilhem e enviem para o Amigos.<\/p>\n<p><\/p>\n<div class=\"separator\" style=\"clear: both; text-align: center;\">\n<a href=\"http:\/\/blogdoedvaldomagalhaes.com.br\/wp-content\/uploads\/2017\/07\/4-C393tica-14.jpg\" imageanchor=\"1\" style=\"clear: left; float: left; margin-bottom: 1em; margin-right: 1em;\"><img decoding=\"async\" border=\"0\" data-original-height=\"100\" data-original-width=\"570\" src=\"http:\/\/blogdoedvaldomagalhaes.com.br\/wp-content\/uploads\/2017\/07\/4-C393tica-14.jpg\" \/><\/a><\/div>\n<p><\/div>\n","protected":false},"excerpt":{"rendered":"<p>Um rec\u00e9m-nascido est\u00e1 precisando urgentemente de doa\u00e7\u00f5es de sangue, ajude. Leia o apelo do pai do beb\u00ea, F\u00e1bio Jos\u00e9: &#8220;Pessoal&hellip;<\/p>\n","protected":false},"author":1,"featured_media":0,"comment_status":"open","ping_status":"open","sticky":false,"template":"","format":"standard","meta":{"footnotes":""},"categories":[1],"tags":[2,7075,7076,7077,7078,6],"class_list":["post-5338","post","type-post","status-publish","format-standard","hentry","category-sem-categoria","tag-blog-do-edvaldo-magalhaes","tag-compartilhe-e-ajude-recem-nascido-precisa-de-doacoes-de-sangue","tag-imip","tag-leucemia","tag-luiz-felipe-de-souza-silva","tag-noticias"],"_links":{"self":[{"href":"https:\/\/blogdoedvaldomagalhaes.com.br\/index.php\/wp-json\/wp\/v2\/posts\/5338","targetHints":{"allow":["GET"]}}],"collection":[{"href":"https:\/\/blogdoedvaldomagalhaes.com.br\/index.php\/wp-json\/wp\/v2\/posts"}],"about":[{"href":"https:\/\/blogdoedvaldomagalhaes.com.br\/index.php\/wp-json\/wp\/v2\/types\/post"}],"author":[{"embeddable":true,"href":"https:\/\/blogdoedvaldomagalhaes.com.br\/index.php\/wp-json\/wp\/v2\/users\/1"}],"replies":[{"embeddable":true,"href":"https:\/\/blogdoedvaldomagalhaes.com.br\/index.php\/wp-json\/wp\/v2\/comments?post=5338"}],"version-history":[{"count":1,"href":"https:\/\/blogdoedvaldomagalhaes.com.br\/index.php\/wp-json\/wp\/v2\/posts\/5338\/revisions"}],"predecessor-version":[{"id":22183,"href":"https:\/\/blogdoedvaldomagalhaes.com.br\/index.php\/wp-json\/wp\/v2\/posts\/5338\/revisions\/22183"}],"wp:attachment":[{"href":"https:\/\/blogdoedvaldomagalhaes.com.br\/index.php\/wp-json\/wp\/v2\/media?parent=5338"}],"wp:term":[{"taxonomy":"category","embeddable":true,"href":"https:\/\/blogdoedvaldomagalhaes.com.br\/index.php\/wp-json\/wp\/v2\/categories?post=5338"},{"taxonomy":"post_tag","embeddable":true,"href":"https:\/\/blogdoedvaldomagalhaes.com.br\/index.php\/wp-json\/wp\/v2\/tags?post=5338"}],"curies":[{"name":"wp","href":"https:\/\/api.w.org\/{rel}","templated":true}]}}