{"id":53378,"date":"2020-03-28T12:59:54","date_gmt":"2020-03-28T15:59:54","guid":{"rendered":"http:\/\/blogdoedvaldomagalhaes.com.br\/?p=53378"},"modified":"2020-03-28T13:00:01","modified_gmt":"2020-03-28T16:00:01","slug":"prf-lanca-campanha-de-apoio-a-caminhoneiros-nas-rodovias-federais-de-pernambuco","status":"publish","type":"post","link":"https:\/\/blogdoedvaldomagalhaes.com.br\/index.php\/2020\/03\/28\/prf-lanca-campanha-de-apoio-a-caminhoneiros-nas-rodovias-federais-de-pernambuco\/","title":{"rendered":"PRF lan\u00e7a campanha de apoio a caminhoneiros nas rodovias federais de Pernambuco"},"content":{"rendered":"<p style=\"text-align: justify;\"><span style=\"font-size: inherit;\">Volunt\u00e1rios podem realizar a entrega de alimentos e kits de higiene nas unidades do \u00f3rg\u00e3o.<\/span><\/p>\n<p style=\"text-align: justify;\">Uma campanha nacional de aux\u00edlio a motoristas de transporte de carga ser\u00e1 lan\u00e7ada pela Pol\u00edcia Rodovi\u00e1ria Federal (PRF) neste s\u00e1bado (28), nas rodovias federais de Pernambuco. A iniciativa intitulada &#8220;Siga em Frente, Caminhoneiro&#8221; visa entregar alimentos prontos para consumo e material de higiene aos condutores, que tem encontrado estabelecimentos comerciais fechados devido \u00e0 pandemia do novo coronav\u00edrus.<\/p>\n<p style=\"text-align: justify;\">Sensibilizados com a situa\u00e7\u00e3o, volunt\u00e1rios tem buscado o apoio da PRF para realizar a entrega de kits de forma segura e sem aglomera\u00e7\u00f5es. A iniciativa tem o apoio dos Guardi\u00f5es da Estrada e da &#8220;rainha dos caminhoneiros&#8221;, a cantora Sula Miranda, que adotou a campanha e est\u00e1 ampliando a divulga\u00e7\u00e3o por meio das redes sociais.<\/p>\n<p style=\"text-align: justify;\">A pr\u00f3xima entrega de alimentos ser\u00e1 realizada por volunt\u00e1rios ao meio-dia deste s\u00e1bado (28), no posto da PRF de S\u00e3o Caetano, localizado no Km 145 da BR 232. Na noite de sexta-feira (27), bombeiros civis realizaram a entrega de marmitas no posto da PRF de Cruzeiro do Nordeste, em Sert\u00e2nia, no Sert\u00e3o do estado.<\/p>\n<p style=\"text-align: justify;\">Para agilizar a entrega e diminuir o risco de acidentes, os motoristas n\u00e3o devem descer dos caminh\u00f5es. A entrega ser\u00e1 feita pelos volunt\u00e1rios na janela dos ve\u00edculos.<\/p>\n<p style=\"text-align: justify;\">Os locais de entrega de alimentos aos caminhoneiros ser\u00e3o divulgados por meio do twitter: @prf191pe. Basta digitar na internet esse perfil, para ter acesso aos postos da PRF que estar\u00e3o realizando a entrega a cada dia.<\/p>\n<p style=\"text-align: justify;\">Contatos para doa\u00e7\u00f5es<\/p>\n<p style=\"text-align: justify;\">Quem desejar contribuir com a campanha em Pernambuco, pode entrar em contato com a PRF atrav\u00e9s do telefone\/Whatsapp de cada delegacia:<\/p>\n<p style=\"text-align: justify;\">Recife &#8211; (81) 99228.6894<br \/>Caruaru &#8211; (81) 98184.8494 \/99259.8981<br \/>Garanhuns &#8211; (87) 99988.9666<br \/>Serra Talhada &#8211; (81) 99227.0160<br \/>Salgueiro &#8211; (87) 98155.1504<br \/>Petrolina &#8211; (87) 99874.3262 \/ 98129-9106<\/p>\n\n\n<figure class=\"wp-block-image size-large\"><img loading=\"lazy\" decoding=\"async\" width=\"992\" height=\"768\" src=\"http:\/\/blogdoedvaldomagalhaes.com.br\/wp-content\/uploads\/2020\/03\/IMG-20200328-WA0087.jpg\" alt=\"\" class=\"wp-image-53380\" srcset=\"https:\/\/blogdoedvaldomagalhaes.com.br\/wp-content\/uploads\/2020\/03\/IMG-20200328-WA0087.jpg 992w, https:\/\/blogdoedvaldomagalhaes.com.br\/wp-content\/uploads\/2020\/03\/IMG-20200328-WA0087-300x232.jpg 300w, https:\/\/blogdoedvaldomagalhaes.com.br\/wp-content\/uploads\/2020\/03\/IMG-20200328-WA0087-768x595.jpg 768w\" sizes=\"auto, (max-width: 992px) 100vw, 992px\" \/><\/figure>\n\n\n\n<figure class=\"wp-block-image size-large\"><img loading=\"lazy\" decoding=\"async\" width=\"1024\" height=\"768\" src=\"http:\/\/blogdoedvaldomagalhaes.com.br\/wp-content\/uploads\/2020\/03\/IMG-20200328-WA0088.jpg\" alt=\"\" class=\"wp-image-53381\" srcset=\"https:\/\/blogdoedvaldomagalhaes.com.br\/wp-content\/uploads\/2020\/03\/IMG-20200328-WA0088.jpg 1024w, https:\/\/blogdoedvaldomagalhaes.com.br\/wp-content\/uploads\/2020\/03\/IMG-20200328-WA0088-300x225.jpg 300w, https:\/\/blogdoedvaldomagalhaes.com.br\/wp-content\/uploads\/2020\/03\/IMG-20200328-WA0088-768x576.jpg 768w, https:\/\/blogdoedvaldomagalhaes.com.br\/wp-content\/uploads\/2020\/03\/IMG-20200328-WA0088-160x120.jpg 160w\" sizes=\"auto, (max-width: 1024px) 100vw, 1024px\" \/><\/figure>\n","protected":false},"excerpt":{"rendered":"<p>Volunt\u00e1rios podem realizar a entrega de alimentos e kits de higiene nas unidades do \u00f3rg\u00e3o. Uma campanha nacional de aux\u00edlio&hellip;<\/p>\n","protected":false},"author":1,"featured_media":53379,"comment_status":"open","ping_status":"open","sticky":false,"template":"","format":"standard","meta":{"footnotes":""},"categories":[14120],"tags":[2,16881,17654],"class_list":["post-53378","post","type-post","status-publish","format-standard","has-post-thumbnail","hentry","category-noticias","tag-blog-do-edvaldo-magalhaes","tag-caruaru-e-regiao","tag-prf-lanca-campanha-de-apoio-a-caminhoneiros-nas-rodovias-federais-de-pernambuco"],"_links":{"self":[{"href":"https:\/\/blogdoedvaldomagalhaes.com.br\/index.php\/wp-json\/wp\/v2\/posts\/53378","targetHints":{"allow":["GET"]}}],"collection":[{"href":"https:\/\/blogdoedvaldomagalhaes.com.br\/index.php\/wp-json\/wp\/v2\/posts"}],"about":[{"href":"https:\/\/blogdoedvaldomagalhaes.com.br\/index.php\/wp-json\/wp\/v2\/types\/post"}],"author":[{"embeddable":true,"href":"https:\/\/blogdoedvaldomagalhaes.com.br\/index.php\/wp-json\/wp\/v2\/users\/1"}],"replies":[{"embeddable":true,"href":"https:\/\/blogdoedvaldomagalhaes.com.br\/index.php\/wp-json\/wp\/v2\/comments?post=53378"}],"version-history":[{"count":1,"href":"https:\/\/blogdoedvaldomagalhaes.com.br\/index.php\/wp-json\/wp\/v2\/posts\/53378\/revisions"}],"predecessor-version":[{"id":53382,"href":"https:\/\/blogdoedvaldomagalhaes.com.br\/index.php\/wp-json\/wp\/v2\/posts\/53378\/revisions\/53382"}],"wp:featuredmedia":[{"embeddable":true,"href":"https:\/\/blogdoedvaldomagalhaes.com.br\/index.php\/wp-json\/wp\/v2\/media\/53379"}],"wp:attachment":[{"href":"https:\/\/blogdoedvaldomagalhaes.com.br\/index.php\/wp-json\/wp\/v2\/media?parent=53378"}],"wp:term":[{"taxonomy":"category","embeddable":true,"href":"https:\/\/blogdoedvaldomagalhaes.com.br\/index.php\/wp-json\/wp\/v2\/categories?post=53378"},{"taxonomy":"post_tag","embeddable":true,"href":"https:\/\/blogdoedvaldomagalhaes.com.br\/index.php\/wp-json\/wp\/v2\/tags?post=53378"}],"curies":[{"name":"wp","href":"https:\/\/api.w.org\/{rel}","templated":true}]}}