{"id":53374,"date":"2020-03-28T12:48:22","date_gmt":"2020-03-28T15:48:22","guid":{"rendered":"http:\/\/blogdoedvaldomagalhaes.com.br\/?p=53374"},"modified":"2020-03-28T12:48:24","modified_gmt":"2020-03-28T15:48:24","slug":"prefeito-de-limoeiro-pe-cancela-o-sao-joao-2020","status":"publish","type":"post","link":"https:\/\/blogdoedvaldomagalhaes.com.br\/index.php\/2020\/03\/28\/prefeito-de-limoeiro-pe-cancela-o-sao-joao-2020\/","title":{"rendered":"Prefeito de Limoeiro-PE cancela o S\u00e3o Jo\u00e3o 2020"},"content":{"rendered":"<p style=\"text-align: justify;\">O prefeito de Limoeiro-PE, Jo\u00e3o Lu\u00eds, anunciou nesta sexta-feira (28), o cancelamento do S\u00e3o Jo\u00e3o 2020. O<span style=\"font-size: inherit;\"> prefeito disse que o valor programado para ser destinado ao evento junino ser\u00e1 destinado para a\u00e7\u00f5es nas \u00e1reas da sa\u00fade e do social. Nos \u00faltimos anos, o S\u00e3o Jo\u00e3o de Limoeiro vem sendo realizado no Parque de Exposi\u00e7\u00f5es. <\/span><\/p>\n<p style=\"text-align: justify;\"><span style=\"font-size: inherit;\">O &#8220;Polo da Rua da Alegria&#8221;, voltado \u00e0s manifesta\u00e7\u00f5es culturais, tamb\u00e9m dever\u00e1 ser cancelado, todavia, sobre <\/span><span style=\"font-size: inherit;\">esse polo, o prefeito poder\u00e1 mudar de ideia se, nos meses de abril e maio, os casos da doen\u00e7a diminuam e o Governo do Estado sinalize apoio, caso contr\u00e1rio, a programa\u00e7\u00e3o da Rua da Alegria n\u00e3o ser\u00e1 realizada. <\/span><\/p>\n<p style=\"text-align: justify;\"><span style=\"font-size: inherit;\">A prefeitura vai distribuir kits de merenda e cestas b\u00e1sicas com algumas pessoas carentes do munic\u00edpio.<\/span><\/p>\n","protected":false},"excerpt":{"rendered":"<p>O prefeito de Limoeiro-PE, Jo\u00e3o Lu\u00eds, anunciou nesta sexta-feira (28), o cancelamento do S\u00e3o Jo\u00e3o 2020. O prefeito disse que&hellip;<\/p>\n","protected":false},"author":1,"featured_media":53376,"comment_status":"open","ping_status":"open","sticky":false,"template":"","format":"standard","meta":{"footnotes":""},"categories":[14122],"tags":[16881,17653],"class_list":["post-53374","post","type-post","status-publish","format-standard","has-post-thumbnail","hentry","category-politica","tag-caruaru-e-regiao","tag-prefeito-de-limoeiro-pe-cancela-o-sao-joao-2020"],"_links":{"self":[{"href":"https:\/\/blogdoedvaldomagalhaes.com.br\/index.php\/wp-json\/wp\/v2\/posts\/53374","targetHints":{"allow":["GET"]}}],"collection":[{"href":"https:\/\/blogdoedvaldomagalhaes.com.br\/index.php\/wp-json\/wp\/v2\/posts"}],"about":[{"href":"https:\/\/blogdoedvaldomagalhaes.com.br\/index.php\/wp-json\/wp\/v2\/types\/post"}],"author":[{"embeddable":true,"href":"https:\/\/blogdoedvaldomagalhaes.com.br\/index.php\/wp-json\/wp\/v2\/users\/1"}],"replies":[{"embeddable":true,"href":"https:\/\/blogdoedvaldomagalhaes.com.br\/index.php\/wp-json\/wp\/v2\/comments?post=53374"}],"version-history":[{"count":1,"href":"https:\/\/blogdoedvaldomagalhaes.com.br\/index.php\/wp-json\/wp\/v2\/posts\/53374\/revisions"}],"predecessor-version":[{"id":53377,"href":"https:\/\/blogdoedvaldomagalhaes.com.br\/index.php\/wp-json\/wp\/v2\/posts\/53374\/revisions\/53377"}],"wp:featuredmedia":[{"embeddable":true,"href":"https:\/\/blogdoedvaldomagalhaes.com.br\/index.php\/wp-json\/wp\/v2\/media\/53376"}],"wp:attachment":[{"href":"https:\/\/blogdoedvaldomagalhaes.com.br\/index.php\/wp-json\/wp\/v2\/media?parent=53374"}],"wp:term":[{"taxonomy":"category","embeddable":true,"href":"https:\/\/blogdoedvaldomagalhaes.com.br\/index.php\/wp-json\/wp\/v2\/categories?post=53374"},{"taxonomy":"post_tag","embeddable":true,"href":"https:\/\/blogdoedvaldomagalhaes.com.br\/index.php\/wp-json\/wp\/v2\/tags?post=53374"}],"curies":[{"name":"wp","href":"https:\/\/api.w.org\/{rel}","templated":true}]}}