{"id":53371,"date":"2020-03-27T22:27:39","date_gmt":"2020-03-28T01:27:39","guid":{"rendered":"http:\/\/blogdoedvaldomagalhaes.com.br\/?p=53371"},"modified":"2020-03-27T22:27:40","modified_gmt":"2020-03-28T01:27:40","slug":"homem-sofre-tentativa-de-homicidio-em-caruaru-e-e-socorrido-para-o-hra","status":"publish","type":"post","link":"https:\/\/blogdoedvaldomagalhaes.com.br\/index.php\/2020\/03\/27\/homem-sofre-tentativa-de-homicidio-em-caruaru-e-e-socorrido-para-o-hra\/","title":{"rendered":"Homem sofre tentativa de homicidio em Caruaru e \u00e9 socorrido para o HRA"},"content":{"rendered":"<p style=\"text-align: justify;\"><span style=\"font-size: inherit;\">A tentativa de homic\u00eddio ocorreu na rua Ant\u00f4nio Carlos, no bairro Salgado, na noite desta sexta feira (27). A v\u00edtima alvejada a bala foi Rhuanderson Florentino Salgado da Silva, de 32 anos, que <\/span><span style=\"font-size: inherit;\">j\u00e1 havia sofrido uma tentativa de homicidio.\u00a0<\/span><\/p>\n<p style=\"text-align: justify;\"><span style=\"font-size: inherit;\"> Uma equipe do SAMU prestou os primeiros socorros no local e depois seguiu para o Hospital Regional do Agreste (HRA), em estado grave.<\/span><\/p>\n","protected":false},"excerpt":{"rendered":"<p>A tentativa de homic\u00eddio ocorreu na rua Ant\u00f4nio Carlos, no bairro Salgado, na noite desta sexta feira (27). A v\u00edtima&hellip;<\/p>\n","protected":false},"author":1,"featured_media":53372,"comment_status":"open","ping_status":"open","sticky":false,"template":"","format":"standard","meta":{"footnotes":""},"categories":[14121],"tags":[16881,17652],"class_list":["post-53371","post","type-post","status-publish","format-standard","has-post-thumbnail","hentry","category-policial","tag-caruaru-e-regiao","tag-homem-sofre-tentativa-de-homicidio-em-caruaru-e-e-socorrido-para-o-hra"],"_links":{"self":[{"href":"https:\/\/blogdoedvaldomagalhaes.com.br\/index.php\/wp-json\/wp\/v2\/posts\/53371","targetHints":{"allow":["GET"]}}],"collection":[{"href":"https:\/\/blogdoedvaldomagalhaes.com.br\/index.php\/wp-json\/wp\/v2\/posts"}],"about":[{"href":"https:\/\/blogdoedvaldomagalhaes.com.br\/index.php\/wp-json\/wp\/v2\/types\/post"}],"author":[{"embeddable":true,"href":"https:\/\/blogdoedvaldomagalhaes.com.br\/index.php\/wp-json\/wp\/v2\/users\/1"}],"replies":[{"embeddable":true,"href":"https:\/\/blogdoedvaldomagalhaes.com.br\/index.php\/wp-json\/wp\/v2\/comments?post=53371"}],"version-history":[{"count":1,"href":"https:\/\/blogdoedvaldomagalhaes.com.br\/index.php\/wp-json\/wp\/v2\/posts\/53371\/revisions"}],"predecessor-version":[{"id":53373,"href":"https:\/\/blogdoedvaldomagalhaes.com.br\/index.php\/wp-json\/wp\/v2\/posts\/53371\/revisions\/53373"}],"wp:featuredmedia":[{"embeddable":true,"href":"https:\/\/blogdoedvaldomagalhaes.com.br\/index.php\/wp-json\/wp\/v2\/media\/53372"}],"wp:attachment":[{"href":"https:\/\/blogdoedvaldomagalhaes.com.br\/index.php\/wp-json\/wp\/v2\/media?parent=53371"}],"wp:term":[{"taxonomy":"category","embeddable":true,"href":"https:\/\/blogdoedvaldomagalhaes.com.br\/index.php\/wp-json\/wp\/v2\/categories?post=53371"},{"taxonomy":"post_tag","embeddable":true,"href":"https:\/\/blogdoedvaldomagalhaes.com.br\/index.php\/wp-json\/wp\/v2\/tags?post=53371"}],"curies":[{"name":"wp","href":"https:\/\/api.w.org\/{rel}","templated":true}]}}