{"id":53368,"date":"2020-03-27T21:46:38","date_gmt":"2020-03-28T00:46:38","guid":{"rendered":"http:\/\/blogdoedvaldomagalhaes.com.br\/?p=53368"},"modified":"2020-03-27T21:46:39","modified_gmt":"2020-03-28T00:46:39","slug":"prefeitas-de-surubim-e-ipojuca-reduzem-salarios-para-combater-covid-19","status":"publish","type":"post","link":"https:\/\/blogdoedvaldomagalhaes.com.br\/index.php\/2020\/03\/27\/prefeitas-de-surubim-e-ipojuca-reduzem-salarios-para-combater-covid-19\/","title":{"rendered":"Prefeitas de Surubim e Ipojuca reduzem sal\u00e1rios para combater Covid 19"},"content":{"rendered":"<p style=\"text-align: justify;\">As prefeitas Ana C\u00e9lia de Surubim, no Agreste, e C\u00e9lia Sales de Ipojuca, na Zona da Mata Sul, ambas em Pernambuco, anunciaram nesta sexta-feira (27),\u00a0 que v\u00e3o reduzir em 30% cada uma os pr\u00f3prios sal\u00e1rios, para ajudar no combate ao novo coronav\u00edrus.<\/p>\n<p style=\"text-align: justify;\"><span style=\"font-size: inherit;\">O dinheiro descontado ser\u00e1 remanejado para auxiliar nas medidas de combate \u00e0 pandemia de coronav\u00edrus. Os sal\u00e1rios dos vices, secret\u00e1rios municipais e alguns cargos comissionados ter\u00e3o redu\u00e7\u00e3o de 10% nos vencimentos. Em Ipojuca, o montante com todos os descontos somados \u00e9 de R$ 672.282,15 por m\u00eas, a partir de abril.<\/span><\/p>\n","protected":false},"excerpt":{"rendered":"<p>As prefeitas Ana C\u00e9lia de Surubim, no Agreste, e C\u00e9lia Sales de Ipojuca, na Zona da Mata Sul, ambas em&hellip;<\/p>\n","protected":false},"author":1,"featured_media":53369,"comment_status":"open","ping_status":"open","sticky":false,"template":"","format":"standard","meta":{"footnotes":""},"categories":[14122],"tags":[2,16881,17650],"class_list":["post-53368","post","type-post","status-publish","format-standard","has-post-thumbnail","hentry","category-politica","tag-blog-do-edvaldo-magalhaes","tag-caruaru-e-regiao","tag-prefeitas-de-surubim-e-ipojuca-reduzem-salarios-para-combater-covid-19"],"_links":{"self":[{"href":"https:\/\/blogdoedvaldomagalhaes.com.br\/index.php\/wp-json\/wp\/v2\/posts\/53368","targetHints":{"allow":["GET"]}}],"collection":[{"href":"https:\/\/blogdoedvaldomagalhaes.com.br\/index.php\/wp-json\/wp\/v2\/posts"}],"about":[{"href":"https:\/\/blogdoedvaldomagalhaes.com.br\/index.php\/wp-json\/wp\/v2\/types\/post"}],"author":[{"embeddable":true,"href":"https:\/\/blogdoedvaldomagalhaes.com.br\/index.php\/wp-json\/wp\/v2\/users\/1"}],"replies":[{"embeddable":true,"href":"https:\/\/blogdoedvaldomagalhaes.com.br\/index.php\/wp-json\/wp\/v2\/comments?post=53368"}],"version-history":[{"count":1,"href":"https:\/\/blogdoedvaldomagalhaes.com.br\/index.php\/wp-json\/wp\/v2\/posts\/53368\/revisions"}],"predecessor-version":[{"id":53370,"href":"https:\/\/blogdoedvaldomagalhaes.com.br\/index.php\/wp-json\/wp\/v2\/posts\/53368\/revisions\/53370"}],"wp:featuredmedia":[{"embeddable":true,"href":"https:\/\/blogdoedvaldomagalhaes.com.br\/index.php\/wp-json\/wp\/v2\/media\/53369"}],"wp:attachment":[{"href":"https:\/\/blogdoedvaldomagalhaes.com.br\/index.php\/wp-json\/wp\/v2\/media?parent=53368"}],"wp:term":[{"taxonomy":"category","embeddable":true,"href":"https:\/\/blogdoedvaldomagalhaes.com.br\/index.php\/wp-json\/wp\/v2\/categories?post=53368"},{"taxonomy":"post_tag","embeddable":true,"href":"https:\/\/blogdoedvaldomagalhaes.com.br\/index.php\/wp-json\/wp\/v2\/tags?post=53368"}],"curies":[{"name":"wp","href":"https:\/\/api.w.org\/{rel}","templated":true}]}}