{"id":53362,"date":"2020-03-27T20:34:45","date_gmt":"2020-03-27T23:34:45","guid":{"rendered":"http:\/\/blogdoedvaldomagalhaes.com.br\/?p=53362"},"modified":"2020-03-27T20:34:52","modified_gmt":"2020-03-27T23:34:52","slug":"segundo-caso-de-coronavirus-em-caruaru-e-dessa-vez-transmissao-comunitaria","status":"publish","type":"post","link":"https:\/\/blogdoedvaldomagalhaes.com.br\/index.php\/2020\/03\/27\/segundo-caso-de-coronavirus-em-caruaru-e-dessa-vez-transmissao-comunitaria\/","title":{"rendered":"Segundo caso de coronav\u00edrus em Caruaru e dessa vez transmiss\u00e3o comunit\u00e1ria"},"content":{"rendered":"<p style=\"text-align: justify;\"><span style=\"font-size: inherit;\">A Prefeitura de Caruaru informa que foi confirmado mais um caso de contamina\u00e7\u00e3o, dessa vez comunit\u00e1ria, do novo coronav\u00edrus na cidade.<\/span><\/p>\n<p style=\"text-align: justify;\">Trata-se de uma pessoa idosa, com mais de 90 anos, que encontra-se internada em um hospital particular, no Recife, com quadro de sa\u00fade est\u00e1vel.<\/p>\n<p style=\"text-align: justify;\">Outras informa\u00e7\u00f5es ser\u00e3o dadas, neste s\u00e1bado (28), \u00e0s 10h30, em uma live com a prefeita Raquel Lyra e o secret\u00e1rio de Sa\u00fade, Francisco Santos.<\/p>\n","protected":false},"excerpt":{"rendered":"<p>A Prefeitura de Caruaru informa que foi confirmado mais um caso de contamina\u00e7\u00e3o, dessa vez comunit\u00e1ria, do novo coronav\u00edrus na&hellip;<\/p>\n","protected":false},"author":1,"featured_media":53363,"comment_status":"open","ping_status":"open","sticky":false,"template":"","format":"standard","meta":{"footnotes":""},"categories":[14120],"tags":[2,16881,17648],"class_list":["post-53362","post","type-post","status-publish","format-standard","has-post-thumbnail","hentry","category-noticias","tag-blog-do-edvaldo-magalhaes","tag-caruaru-e-regiao","tag-segundo-caso-de-coronavirus-em-caruaru-e-dessa-vez-transmissao-comunitaria"],"_links":{"self":[{"href":"https:\/\/blogdoedvaldomagalhaes.com.br\/index.php\/wp-json\/wp\/v2\/posts\/53362","targetHints":{"allow":["GET"]}}],"collection":[{"href":"https:\/\/blogdoedvaldomagalhaes.com.br\/index.php\/wp-json\/wp\/v2\/posts"}],"about":[{"href":"https:\/\/blogdoedvaldomagalhaes.com.br\/index.php\/wp-json\/wp\/v2\/types\/post"}],"author":[{"embeddable":true,"href":"https:\/\/blogdoedvaldomagalhaes.com.br\/index.php\/wp-json\/wp\/v2\/users\/1"}],"replies":[{"embeddable":true,"href":"https:\/\/blogdoedvaldomagalhaes.com.br\/index.php\/wp-json\/wp\/v2\/comments?post=53362"}],"version-history":[{"count":1,"href":"https:\/\/blogdoedvaldomagalhaes.com.br\/index.php\/wp-json\/wp\/v2\/posts\/53362\/revisions"}],"predecessor-version":[{"id":53364,"href":"https:\/\/blogdoedvaldomagalhaes.com.br\/index.php\/wp-json\/wp\/v2\/posts\/53362\/revisions\/53364"}],"wp:featuredmedia":[{"embeddable":true,"href":"https:\/\/blogdoedvaldomagalhaes.com.br\/index.php\/wp-json\/wp\/v2\/media\/53363"}],"wp:attachment":[{"href":"https:\/\/blogdoedvaldomagalhaes.com.br\/index.php\/wp-json\/wp\/v2\/media?parent=53362"}],"wp:term":[{"taxonomy":"category","embeddable":true,"href":"https:\/\/blogdoedvaldomagalhaes.com.br\/index.php\/wp-json\/wp\/v2\/categories?post=53362"},{"taxonomy":"post_tag","embeddable":true,"href":"https:\/\/blogdoedvaldomagalhaes.com.br\/index.php\/wp-json\/wp\/v2\/tags?post=53362"}],"curies":[{"name":"wp","href":"https:\/\/api.w.org\/{rel}","templated":true}]}}