{"id":5336,"date":"2017-07-17T21:45:00","date_gmt":"2017-07-18T00:45:00","guid":{"rendered":"http:\/\/blogdoedvaldomagalhaes.com.br\/index.php\/2017\/07\/17\/barragem-do-cajueiro-mais-uma-vertendo\/"},"modified":"2019-02-09T01:35:53","modified_gmt":"2019-02-09T03:35:53","slug":"barragem-do-cajueiro-mais-uma-vertendo","status":"publish","type":"post","link":"https:\/\/blogdoedvaldomagalhaes.com.br\/index.php\/2017\/07\/17\/barragem-do-cajueiro-mais-uma-vertendo\/","title":{"rendered":"Barragem do Cajueiro: mais uma vertendo em Pernambuco"},"content":{"rendered":"<div class=\"separator\" style=\"clear: both; text-align: center;\">\n<a href=\"https:\/\/2.bp.blogspot.com\/-5P1EdkdAK14\/WW0vWKw1-2I\/AAAAAAAAZlg\/9lgkhwhXbb8cd-_ql6hUwxi3P4qZPyO-gCLcBGAs\/s1600\/barragem.jpg\" imageanchor=\"1\" style=\"margin-left: 1em; margin-right: 1em;\"><img loading=\"lazy\" decoding=\"async\" border=\"0\" data-original-height=\"271\" data-original-width=\"498\" height=\"217\" src=\"http:\/\/blogdoedvaldomagalhaes.com.br\/wp-content\/uploads\/2017\/07\/barragem-1.jpg\" width=\"400\" \/><\/a><\/div>\n<div class=\"MsoNormal\" style=\"text-align: justify;\">\n<\/div>\n<div class=\"MsoNormal\" style=\"text-align: justify;\">\nA Barragem do Cajueiro, o<br \/>\nmaior reservat\u00f3rio do Sistema de Abastecimento de Garanhuns, no Agreste<br \/>\nMeridional, est\u00e1 vertendo. O Cajueiro foi beneficiado com as chuvas regulares<br \/>\nque caem na regi\u00e3o desde o m\u00eas de maio, e atingiu sua capacidade m\u00e1xima de<br \/>\narmazenamento, que \u00e9 de 14,5 milh\u00f5es de metros c\u00fabicos de \u00e1gua.<\/div>\n<div class=\"MsoNormal\" style=\"text-align: justify;\">\n<\/div>\n<div class=\"MsoNormal\" style=\"text-align: justify;\">\nA \u00faltima vez que a barragem<br \/>\nsangrou foi no ano de 2015. Os outros dois mananciais que alimentam o sistema,<br \/>\nas barragens de Inhumas e Munda\u00fa, tamb\u00e9m apresentaram boa recupera\u00e7\u00e3o com o<br \/>\nper\u00edodo de inverno, e alcan\u00e7aram o n\u00edvel m\u00e1ximo de acumula\u00e7\u00e3o, volume que deu<br \/>\ncondi\u00e7\u00f5es da Compesa eliminar o racionamento de \u00e1gua na \u2018Cidade das Flores\u2019 no<br \/>\n\u00faltimo dia 10.<\/div>\n<div class=\"MsoNormal\" style=\"text-align: justify;\">\n<\/div>\n<div class=\"MsoNormal\" style=\"text-align: justify;\">\nA seca prolongada na regi\u00e3o<br \/>\ntinha levado, inclusive, Inhumas ao colapso em mar\u00e7o deste ano. Gra\u00e7as \u00e0s<br \/>\nchuvas e \u00e0 localiza\u00e7\u00e3o do reservat\u00f3rio em uma bacia hidrogr\u00e1fica de alto<br \/>\nrendimento, Inhumas apresentou uma excelente recupera\u00e7\u00e3o.<\/div>\n<div class=\"MsoNormal\" style=\"text-align: justify;\">\n<\/div>\n<div style=\"background-color: white; border: 0px; color: #4b4b4b; font-family: Helvetica, sans-serif; font-size: 16px; margin-bottom: 1.5em; outline: 0px; padding: 0px; vertical-align: baseline;\">\n<\/div>\n<div class=\"MsoNormal\" style=\"text-align: justify;\">\nAgora com as tr\u00eas barragens<br \/>\ncheias, a Compesa tem condi\u00e7\u00f5es de garantir o fornecimento de \u00e1gua para<br \/>\nGaranhuns at\u00e9 o pr\u00f3ximo per\u00edodo chuvoso, em maio de 2018 \u2013 considerando o clima<br \/>\nnormal para regi\u00e3o. Al\u00e9m de Garanhuns, esse sistema de distribui\u00e7\u00e3o de \u00e1gua<br \/>\natende as cidades de Angelim e S\u00e3o Jo\u00e3o e o distrito de S\u00e3o Pedro.<\/div>\n<div class=\"MsoNormal\" style=\"text-align: justify;\">\n<\/div>\n<div class=\"separator\" style=\"clear: both; text-align: center;\">\n<a href=\"http:\/\/blogdoedvaldomagalhaes.com.br\/wp-content\/uploads\/2017\/07\/5-Saga-13.jpg\" imageanchor=\"1\" style=\"clear: left; float: left; margin-bottom: 1em; margin-right: 1em;\"><img decoding=\"async\" border=\"0\" data-original-height=\"100\" data-original-width=\"570\" src=\"http:\/\/blogdoedvaldomagalhaes.com.br\/wp-content\/uploads\/2017\/07\/5-Saga-13.jpg\" \/><\/a><\/div>\n<div class=\"MsoNormal\" style=\"text-align: justify;\">\n<\/div>\n","protected":false},"excerpt":{"rendered":"<p>A Barragem do Cajueiro, o maior reservat\u00f3rio do Sistema de Abastecimento de Garanhuns, no Agreste Meridional, est\u00e1 vertendo. O Cajueiro&hellip;<\/p>\n","protected":false},"author":1,"featured_media":0,"comment_status":"open","ping_status":"open","sticky":false,"template":"","format":"standard","meta":{"footnotes":""},"categories":[1],"tags":[7072,2,3782,6],"class_list":["post-5336","post","type-post","status-publish","format-standard","hentry","category-sem-categoria","tag-barragem-do-cajueiro-mais-uma-vertendo-em-pernambuco","tag-blog-do-edvaldo-magalhaes","tag-garanhuns","tag-noticias"],"_links":{"self":[{"href":"https:\/\/blogdoedvaldomagalhaes.com.br\/index.php\/wp-json\/wp\/v2\/posts\/5336","targetHints":{"allow":["GET"]}}],"collection":[{"href":"https:\/\/blogdoedvaldomagalhaes.com.br\/index.php\/wp-json\/wp\/v2\/posts"}],"about":[{"href":"https:\/\/blogdoedvaldomagalhaes.com.br\/index.php\/wp-json\/wp\/v2\/types\/post"}],"author":[{"embeddable":true,"href":"https:\/\/blogdoedvaldomagalhaes.com.br\/index.php\/wp-json\/wp\/v2\/users\/1"}],"replies":[{"embeddable":true,"href":"https:\/\/blogdoedvaldomagalhaes.com.br\/index.php\/wp-json\/wp\/v2\/comments?post=5336"}],"version-history":[{"count":1,"href":"https:\/\/blogdoedvaldomagalhaes.com.br\/index.php\/wp-json\/wp\/v2\/posts\/5336\/revisions"}],"predecessor-version":[{"id":22189,"href":"https:\/\/blogdoedvaldomagalhaes.com.br\/index.php\/wp-json\/wp\/v2\/posts\/5336\/revisions\/22189"}],"wp:attachment":[{"href":"https:\/\/blogdoedvaldomagalhaes.com.br\/index.php\/wp-json\/wp\/v2\/media?parent=5336"}],"wp:term":[{"taxonomy":"category","embeddable":true,"href":"https:\/\/blogdoedvaldomagalhaes.com.br\/index.php\/wp-json\/wp\/v2\/categories?post=5336"},{"taxonomy":"post_tag","embeddable":true,"href":"https:\/\/blogdoedvaldomagalhaes.com.br\/index.php\/wp-json\/wp\/v2\/tags?post=5336"}],"curies":[{"name":"wp","href":"https:\/\/api.w.org\/{rel}","templated":true}]}}