{"id":53357,"date":"2020-03-27T20:17:37","date_gmt":"2020-03-27T23:17:37","guid":{"rendered":"http:\/\/blogdoedvaldomagalhaes.com.br\/?p=53357"},"modified":"2020-03-27T20:20:21","modified_gmt":"2020-03-27T23:20:21","slug":"prefeitura-de-toritama-vai-repassar-merenda-escolar-para-as-familias-dos-estudantes","status":"publish","type":"post","link":"https:\/\/blogdoedvaldomagalhaes.com.br\/index.php\/2020\/03\/27\/prefeitura-de-toritama-vai-repassar-merenda-escolar-para-as-familias-dos-estudantes\/","title":{"rendered":"Prefeitura de Toritama vai repassar merenda escolar para as fam\u00edlias dos estudantes"},"content":{"rendered":"<p style=\"text-align: justify;\"><span style=\"font-size: inherit;\">Mais de 7.300 estudantes matriculados na Rede Municipal de Ensino de Toritama ir\u00e3o receber um kit de merenda na pr\u00f3xima semana. A medida foi anunciada na manh\u00e3 desta sexta-feira (27), pelo Prefeito de Toritama, Edilson Tavares, dentre as a\u00e7\u00f5es para o enfrentamento a pandemia do COVID-19.<\/span><\/p>\n<p style=\"text-align: justify;\">Entre as a\u00e7\u00f5es anunciadas est\u00e1 a instala\u00e7\u00e3o de um hospital de campanha, que deve funcionar temporariamente, a partir da pr\u00f3xima ter\u00e7a-feira (31), na Escola Municipal Jos\u00e9 J. de Ara\u00fajo, para atender exclusivamente os casos suspeitos de COVID-19.<\/p>\n<p style=\"text-align: justify;\">A Secretaria de Sa\u00fade do munic\u00edpio receber\u00e1 aproximadamente 150 testes r\u00e1pidos do COVID-19, os quais fornecem resultados em apenas 15 minutos. Tamb\u00e9m foram adquiridas mais 5 ambul\u00e2ncias para atender a cidade.<\/p>\n<p style=\"text-align: justify;\">Somente pessoas que apresentem sintomas suspeitos, dentro do protocolo da Organiza\u00e7\u00e3o Mundial de Sa\u00fade (OMS) estar\u00e3o liberadas para fazer o teste, e que passar\u00e1 ainda por uma avalia\u00e7\u00e3o da comiss\u00e3o hospitalar. At\u00e9 o momento, Toritama n\u00e3o tem casos confirmados do novo coronav\u00edrus.<\/p>\n<p style=\"text-align: justify;\">Edilson Tavares destacou tamb\u00e9m, o pagamento antecipado aos servidores da sa\u00fade para esta sexta-feira (27). Na segunda (30) ser\u00e1 a vez dos servidores das demais secretarias e da CTTU e na ter\u00e7a-feira (31) os funcion\u00e1rios da Educa\u00e7\u00e3o. Esse calend\u00e1rio tem o objetivo de evitar aglomera\u00e7\u00f5es e seguir medidas preventivas.<\/p>\n<p style=\"text-align: justify;\">Al\u00e9m disso, ser\u00e3o entregues 12 toneladas de peixes durante a Semana Santa, de maneira fracionada. Os benefici\u00e1rios dever\u00e3o fazer o cadastro na Secretaria de Assist\u00eancia Social, quando come\u00e7ar as inscri\u00e7\u00f5es.<\/p>\n<p style=\"text-align: justify;\">A Secretaria de Sa\u00fade, Andr\u00e9ia Melo e o Secret\u00e1rio de Planejamento e Gest\u00e3o, Filipe Lucena tamb\u00e9m participaram da entrevista.<\/p>\n\n\n<figure class=\"wp-block-image size-large\"><img loading=\"lazy\" decoding=\"async\" width=\"912\" height=\"640\" src=\"http:\/\/blogdoedvaldomagalhaes.com.br\/wp-content\/uploads\/2020\/03\/IMG-20200327-WA0407.jpg\" alt=\"\" class=\"wp-image-53360\" srcset=\"https:\/\/blogdoedvaldomagalhaes.com.br\/wp-content\/uploads\/2020\/03\/IMG-20200327-WA0407.jpg 912w, https:\/\/blogdoedvaldomagalhaes.com.br\/wp-content\/uploads\/2020\/03\/IMG-20200327-WA0407-300x211.jpg 300w, https:\/\/blogdoedvaldomagalhaes.com.br\/wp-content\/uploads\/2020\/03\/IMG-20200327-WA0407-768x539.jpg 768w\" sizes=\"auto, (max-width: 912px) 100vw, 912px\" \/><figcaption>Ed\u00edlson Tavares<\/figcaption><\/figure>\n","protected":false},"excerpt":{"rendered":"<p>Mais de 7.300 estudantes matriculados na Rede Municipal de Ensino de Toritama ir\u00e3o receber um kit de merenda na pr\u00f3xima&hellip;<\/p>\n","protected":false},"author":1,"featured_media":53358,"comment_status":"open","ping_status":"open","sticky":false,"template":"","format":"standard","meta":{"footnotes":""},"categories":[14122],"tags":[2,16881,17647],"class_list":["post-53357","post","type-post","status-publish","format-standard","has-post-thumbnail","hentry","category-politica","tag-blog-do-edvaldo-magalhaes","tag-caruaru-e-regiao","tag-prefeitura-de-toritama-vai-repassar-merenda-escolar-para-as-familias-dos-estudantes"],"_links":{"self":[{"href":"https:\/\/blogdoedvaldomagalhaes.com.br\/index.php\/wp-json\/wp\/v2\/posts\/53357","targetHints":{"allow":["GET"]}}],"collection":[{"href":"https:\/\/blogdoedvaldomagalhaes.com.br\/index.php\/wp-json\/wp\/v2\/posts"}],"about":[{"href":"https:\/\/blogdoedvaldomagalhaes.com.br\/index.php\/wp-json\/wp\/v2\/types\/post"}],"author":[{"embeddable":true,"href":"https:\/\/blogdoedvaldomagalhaes.com.br\/index.php\/wp-json\/wp\/v2\/users\/1"}],"replies":[{"embeddable":true,"href":"https:\/\/blogdoedvaldomagalhaes.com.br\/index.php\/wp-json\/wp\/v2\/comments?post=53357"}],"version-history":[{"count":2,"href":"https:\/\/blogdoedvaldomagalhaes.com.br\/index.php\/wp-json\/wp\/v2\/posts\/53357\/revisions"}],"predecessor-version":[{"id":53361,"href":"https:\/\/blogdoedvaldomagalhaes.com.br\/index.php\/wp-json\/wp\/v2\/posts\/53357\/revisions\/53361"}],"wp:featuredmedia":[{"embeddable":true,"href":"https:\/\/blogdoedvaldomagalhaes.com.br\/index.php\/wp-json\/wp\/v2\/media\/53358"}],"wp:attachment":[{"href":"https:\/\/blogdoedvaldomagalhaes.com.br\/index.php\/wp-json\/wp\/v2\/media?parent=53357"}],"wp:term":[{"taxonomy":"category","embeddable":true,"href":"https:\/\/blogdoedvaldomagalhaes.com.br\/index.php\/wp-json\/wp\/v2\/categories?post=53357"},{"taxonomy":"post_tag","embeddable":true,"href":"https:\/\/blogdoedvaldomagalhaes.com.br\/index.php\/wp-json\/wp\/v2\/tags?post=53357"}],"curies":[{"name":"wp","href":"https:\/\/api.w.org\/{rel}","templated":true}]}}