{"id":53352,"date":"2020-03-27T17:33:14","date_gmt":"2020-03-27T20:33:14","guid":{"rendered":"http:\/\/blogdoedvaldomagalhaes.com.br\/?p=53352"},"modified":"2020-03-27T17:33:22","modified_gmt":"2020-03-27T20:33:22","slug":"mascaras-sao-produzidas-em-espaco-profissionalizante-da-funase-em-caruaru","status":"publish","type":"post","link":"https:\/\/blogdoedvaldomagalhaes.com.br\/index.php\/2020\/03\/27\/mascaras-sao-produzidas-em-espaco-profissionalizante-da-funase-em-caruaru\/","title":{"rendered":"M\u00e1scaras s\u00e3o produzidas em espa\u00e7o profissionalizante da Funase em Caruaru"},"content":{"rendered":"<p style=\"text-align: justify;\">Expectativa \u00e9 de que, nesse primeiro momento, cerca de 400 unidades sejam confeccionadas para distribui\u00e7\u00e3o entre servidores e adolescentes que apresentarem sintomas gripais em unidades socioeducativas de todo o Estado.<\/p>\n<p style=\"text-align: justify;\">Um espa\u00e7o antes dedicado somente a aulas profissionalizantes dentro da Funda\u00e7\u00e3o de Atendimento Socioeducativo (Funase) agora est\u00e1 temporariamente voltado ao abastecimento de um insumo importante em tempos de pandemia. A produ\u00e7\u00e3o de m\u00e1scaras ocorre a todo vapor na sala de costura e customiza\u00e7\u00e3o do Centro de Interna\u00e7\u00e3o Provis\u00f3ria (Cenip) Caruaru, no Agreste de Pernambuco. A expectativa \u00e9 de que sejam confeccionadas at\u00e9 400 unidades para distribui\u00e7\u00e3o em 15 unidades socioeducativas em opera\u00e7\u00e3o no Estado. As m\u00e1scaras ser\u00e3o utilizadas por servidores e ficar\u00e3o \u00e0 disposi\u00e7\u00e3o de socioeducandos que apresentarem sintomas gripais.<\/p>\n<p style=\"text-align: justify;\">A confec\u00e7\u00e3o est\u00e1 sendo feita pela instrutora da oficina de costura e customiza\u00e7\u00e3o do Cenip Caruaru. \u201cConseguimos uma doa\u00e7\u00e3o de tecido TNT de uma loja de pl\u00e1sticos e forra\u00e7\u00f5es do munic\u00edpio e iniciamos a produ\u00e7\u00e3o, levando em conta que esse tipo de material est\u00e1 em falta por conta da intensa procura da popula\u00e7\u00e3o ou com altos pre\u00e7os de venda. As primeiras m\u00e1scaras j\u00e1 est\u00e3o prontas e embaladas para distribui\u00e7\u00e3o para as unidades socioeducativas\u201d, diz a coordenadora geral do Cenip Caruaru, Maria Clara Amorim.<\/p>\n<p style=\"text-align: justify;\">Embora medidas de preven\u00e7\u00e3o tenham sido adotadas para reduzir a circula\u00e7\u00e3o de pessoas nas unidades da Funase, como a redu\u00e7\u00e3o da carga hor\u00e1ria de funcion\u00e1rios e a implanta\u00e7\u00e3o de restri\u00e7\u00f5es para a entrada de visitantes, a comunidade socioeducativa \u00e9 numericamente significativa, com cerca de 700 adolescentes em atendimento e um quadro de mais de dois mil servidores. \u201cPor isso, al\u00e9m de a\u00e7\u00f5es solid\u00e1rias e criativas como essas, tamb\u00e9m estamos buscando refor\u00e7ar a compra de itens de higiene pessoal e de limpeza de espa\u00e7os e manter a\u00e7\u00f5es educativas sobre a import\u00e2ncia da preven\u00e7\u00e3o\u201d, afirma a presidente da Funase, Nadja Alencar.<\/p>\n<p style=\"text-align: justify;\">*PORTARIA* \u2013 At\u00e9 o momento, nenhum caso de Covid-19 foi notificado na institui\u00e7\u00e3o. Conforme portaria conjunta publicada pela Secretaria de Desenvolvimento Social, Crian\u00e7a e Juventude (SDSCJ) e pela Funase, na semana passada, no Di\u00e1rio Oficial do Estado, adolescentes que tiverem sintomas gripais devem ser encaminhados para unidades de sa\u00fade de refer\u00eancia na regi\u00e3o. Se as autoridades sanit\u00e1rias determinarem o isolamento do paciente, j\u00e1 h\u00e1 locais espec\u00edficos para esse fim nas unidades da Funase.<\/p>\n","protected":false},"excerpt":{"rendered":"<p>Expectativa \u00e9 de que, nesse primeiro momento, cerca de 400 unidades sejam confeccionadas para distribui\u00e7\u00e3o entre servidores e adolescentes que&hellip;<\/p>\n","protected":false},"author":1,"featured_media":53354,"comment_status":"open","ping_status":"open","sticky":false,"template":"","format":"standard","meta":{"footnotes":""},"categories":[14120],"tags":[2,16881,17646],"class_list":["post-53352","post","type-post","status-publish","format-standard","has-post-thumbnail","hentry","category-noticias","tag-blog-do-edvaldo-magalhaes","tag-caruaru-e-regiao","tag-mascaras-sao-produzidas-em-espaco-profissionalizante-da-funase-em-caruaru"],"_links":{"self":[{"href":"https:\/\/blogdoedvaldomagalhaes.com.br\/index.php\/wp-json\/wp\/v2\/posts\/53352","targetHints":{"allow":["GET"]}}],"collection":[{"href":"https:\/\/blogdoedvaldomagalhaes.com.br\/index.php\/wp-json\/wp\/v2\/posts"}],"about":[{"href":"https:\/\/blogdoedvaldomagalhaes.com.br\/index.php\/wp-json\/wp\/v2\/types\/post"}],"author":[{"embeddable":true,"href":"https:\/\/blogdoedvaldomagalhaes.com.br\/index.php\/wp-json\/wp\/v2\/users\/1"}],"replies":[{"embeddable":true,"href":"https:\/\/blogdoedvaldomagalhaes.com.br\/index.php\/wp-json\/wp\/v2\/comments?post=53352"}],"version-history":[{"count":1,"href":"https:\/\/blogdoedvaldomagalhaes.com.br\/index.php\/wp-json\/wp\/v2\/posts\/53352\/revisions"}],"predecessor-version":[{"id":53355,"href":"https:\/\/blogdoedvaldomagalhaes.com.br\/index.php\/wp-json\/wp\/v2\/posts\/53352\/revisions\/53355"}],"wp:featuredmedia":[{"embeddable":true,"href":"https:\/\/blogdoedvaldomagalhaes.com.br\/index.php\/wp-json\/wp\/v2\/media\/53354"}],"wp:attachment":[{"href":"https:\/\/blogdoedvaldomagalhaes.com.br\/index.php\/wp-json\/wp\/v2\/media?parent=53352"}],"wp:term":[{"taxonomy":"category","embeddable":true,"href":"https:\/\/blogdoedvaldomagalhaes.com.br\/index.php\/wp-json\/wp\/v2\/categories?post=53352"},{"taxonomy":"post_tag","embeddable":true,"href":"https:\/\/blogdoedvaldomagalhaes.com.br\/index.php\/wp-json\/wp\/v2\/tags?post=53352"}],"curies":[{"name":"wp","href":"https:\/\/api.w.org\/{rel}","templated":true}]}}