{"id":53349,"date":"2020-03-27T16:36:59","date_gmt":"2020-03-27T19:36:59","guid":{"rendered":"http:\/\/blogdoedvaldomagalhaes.com.br\/?p=53349"},"modified":"2020-03-27T20:08:06","modified_gmt":"2020-03-27T23:08:06","slug":"pernambuco-regista-4a-morte-pelo-coronavirus-e-57-casos-suspeitos","status":"publish","type":"post","link":"https:\/\/blogdoedvaldomagalhaes.com.br\/index.php\/2020\/03\/27\/pernambuco-regista-4a-morte-pelo-coronavirus-e-57-casos-suspeitos\/","title":{"rendered":"Pernambuco regista 4\u00aa morte pelo coronav\u00edrus e 57 casos suspeitos"},"content":{"rendered":"<p style=\"text-align: justify;\">Pernambuco confirmou nesta sexta-feira (27), atrav\u00e9s de exame laboratorial mais uma morte por Covid-19. A v\u00edtima foi um homem de 82 anos, residente no bairro Vasco da Gama, no grande Recife, que faleceu na \u00faltima quarta-feira (25). O senhor deu entrada no Hospital dos Servidores do Estado e n\u00e3o apresentava hist\u00f3rico de viagem ou contato com caso suspeito, se tratando de um caso de transmiss\u00e3o comunit\u00e1ria.<\/p>\n<p style=\"text-align: justify;\">O primeiro caso na ilha de Fernando de Noronha tamb\u00e9m foi confirmado. Um funcion\u00e1rio de uma empresa terceirizada, de 48 anos e que est\u00e1 em isolamento em um alojamento da empresa. Onze pessoas tiveram contato com o homem, todos est\u00e3o em quarentena e sendo acompanhados. Em 24 horas, foram confirmados mais nove casos de coronav\u00edrus no estado, totalizando 57 infectados. O n\u00famero de curas cl\u00ednicas tamb\u00e9m subiu para sete.<\/p>\n<p style=\"text-align: justify;\">13 Pacientes se encontram internados, seis em suporte intensivo (UTI\/CTI) e outros 32 em isolamento domiciliar.<\/p>\n","protected":false},"excerpt":{"rendered":"<p>Pernambuco confirmou nesta sexta-feira (27), atrav\u00e9s de exame laboratorial mais uma morte por Covid-19. A v\u00edtima foi um homem de&hellip;<\/p>\n","protected":false},"author":1,"featured_media":53350,"comment_status":"open","ping_status":"open","sticky":false,"template":"","format":"standard","meta":{"footnotes":""},"categories":[14120],"tags":[2,16881,17645],"class_list":["post-53349","post","type-post","status-publish","format-standard","has-post-thumbnail","hentry","category-noticias","tag-blog-do-edvaldo-magalhaes","tag-caruaru-e-regiao","tag-pernambuco-regista-4a-morte-pelo-coronavirus-e-57-casos-suspeitos"],"_links":{"self":[{"href":"https:\/\/blogdoedvaldomagalhaes.com.br\/index.php\/wp-json\/wp\/v2\/posts\/53349","targetHints":{"allow":["GET"]}}],"collection":[{"href":"https:\/\/blogdoedvaldomagalhaes.com.br\/index.php\/wp-json\/wp\/v2\/posts"}],"about":[{"href":"https:\/\/blogdoedvaldomagalhaes.com.br\/index.php\/wp-json\/wp\/v2\/types\/post"}],"author":[{"embeddable":true,"href":"https:\/\/blogdoedvaldomagalhaes.com.br\/index.php\/wp-json\/wp\/v2\/users\/1"}],"replies":[{"embeddable":true,"href":"https:\/\/blogdoedvaldomagalhaes.com.br\/index.php\/wp-json\/wp\/v2\/comments?post=53349"}],"version-history":[{"count":2,"href":"https:\/\/blogdoedvaldomagalhaes.com.br\/index.php\/wp-json\/wp\/v2\/posts\/53349\/revisions"}],"predecessor-version":[{"id":53356,"href":"https:\/\/blogdoedvaldomagalhaes.com.br\/index.php\/wp-json\/wp\/v2\/posts\/53349\/revisions\/53356"}],"wp:featuredmedia":[{"embeddable":true,"href":"https:\/\/blogdoedvaldomagalhaes.com.br\/index.php\/wp-json\/wp\/v2\/media\/53350"}],"wp:attachment":[{"href":"https:\/\/blogdoedvaldomagalhaes.com.br\/index.php\/wp-json\/wp\/v2\/media?parent=53349"}],"wp:term":[{"taxonomy":"category","embeddable":true,"href":"https:\/\/blogdoedvaldomagalhaes.com.br\/index.php\/wp-json\/wp\/v2\/categories?post=53349"},{"taxonomy":"post_tag","embeddable":true,"href":"https:\/\/blogdoedvaldomagalhaes.com.br\/index.php\/wp-json\/wp\/v2\/tags?post=53349"}],"curies":[{"name":"wp","href":"https:\/\/api.w.org\/{rel}","templated":true}]}}