{"id":53346,"date":"2020-03-27T13:07:26","date_gmt":"2020-03-27T16:07:26","guid":{"rendered":"http:\/\/blogdoedvaldomagalhaes.com.br\/?p=53346"},"modified":"2020-03-27T13:07:32","modified_gmt":"2020-03-27T16:07:32","slug":"caruaru-acic-se-posiciona-sobre-abertura-do-comercio","status":"publish","type":"post","link":"https:\/\/blogdoedvaldomagalhaes.com.br\/index.php\/2020\/03\/27\/caruaru-acic-se-posiciona-sobre-abertura-do-comercio\/","title":{"rendered":"Caruaru: Acic se posiciona sobre abertura do com\u00e9rcio"},"content":{"rendered":"<p style=\"text-align: justify;\">Comunicado<\/p>\n<p style=\"text-align: justify;\">A Associa\u00e7\u00e3o Comercial e Empresarial de Caruaru &#8211; Acic &#8211; esclarece que n\u00e3o apoia nenhum movimento para o retorno das atividades empresariais, sem que isso seja feito de maneira respons\u00e1vel, obedecendo \u00e0s orienta\u00e7\u00f5es das autoridades. Todos estamos juntos em busca de solu\u00e7\u00f5es para minimizar os preju\u00edzos, neste momento de tantas dificuldades. Mas \u00e9 preciso fazer isso com cautela, pensando primeiro na seguran\u00e7a de todos. Temos plena consci\u00eancia da nossa responsabilidade, enquanto entidade representativa dos interesses de mais de 1.500 mil associados. E por isso mesmo, entendemos que \u00e9 preciso planejar cada passo para que possamos retomar as rotinas dos nossos neg\u00f3cios, sem colocar em risco a vida de nossas fam\u00edlias e nossos colaboradores.<\/p>\n<p style=\"text-align: justify;\">Caruaru, 27 de mar\u00e7o de 2020<\/p>\n","protected":false},"excerpt":{"rendered":"<p>Comunicado A Associa\u00e7\u00e3o Comercial e Empresarial de Caruaru &#8211; Acic &#8211; esclarece que n\u00e3o apoia nenhum movimento para o retorno&hellip;<\/p>\n","protected":false},"author":1,"featured_media":53347,"comment_status":"open","ping_status":"open","sticky":false,"template":"","format":"standard","meta":{"footnotes":""},"categories":[14120],"tags":[2,16881,17644],"class_list":["post-53346","post","type-post","status-publish","format-standard","has-post-thumbnail","hentry","category-noticias","tag-blog-do-edvaldo-magalhaes","tag-caruaru-e-regiao","tag-caruaru-acic-se-posiciona-sobre-abertura-do-comercio"],"_links":{"self":[{"href":"https:\/\/blogdoedvaldomagalhaes.com.br\/index.php\/wp-json\/wp\/v2\/posts\/53346","targetHints":{"allow":["GET"]}}],"collection":[{"href":"https:\/\/blogdoedvaldomagalhaes.com.br\/index.php\/wp-json\/wp\/v2\/posts"}],"about":[{"href":"https:\/\/blogdoedvaldomagalhaes.com.br\/index.php\/wp-json\/wp\/v2\/types\/post"}],"author":[{"embeddable":true,"href":"https:\/\/blogdoedvaldomagalhaes.com.br\/index.php\/wp-json\/wp\/v2\/users\/1"}],"replies":[{"embeddable":true,"href":"https:\/\/blogdoedvaldomagalhaes.com.br\/index.php\/wp-json\/wp\/v2\/comments?post=53346"}],"version-history":[{"count":1,"href":"https:\/\/blogdoedvaldomagalhaes.com.br\/index.php\/wp-json\/wp\/v2\/posts\/53346\/revisions"}],"predecessor-version":[{"id":53348,"href":"https:\/\/blogdoedvaldomagalhaes.com.br\/index.php\/wp-json\/wp\/v2\/posts\/53346\/revisions\/53348"}],"wp:featuredmedia":[{"embeddable":true,"href":"https:\/\/blogdoedvaldomagalhaes.com.br\/index.php\/wp-json\/wp\/v2\/media\/53347"}],"wp:attachment":[{"href":"https:\/\/blogdoedvaldomagalhaes.com.br\/index.php\/wp-json\/wp\/v2\/media?parent=53346"}],"wp:term":[{"taxonomy":"category","embeddable":true,"href":"https:\/\/blogdoedvaldomagalhaes.com.br\/index.php\/wp-json\/wp\/v2\/categories?post=53346"},{"taxonomy":"post_tag","embeddable":true,"href":"https:\/\/blogdoedvaldomagalhaes.com.br\/index.php\/wp-json\/wp\/v2\/tags?post=53346"}],"curies":[{"name":"wp","href":"https:\/\/api.w.org\/{rel}","templated":true}]}}