{"id":53343,"date":"2020-03-27T12:10:27","date_gmt":"2020-03-27T15:10:27","guid":{"rendered":"http:\/\/blogdoedvaldomagalhaes.com.br\/?p=53343"},"modified":"2020-03-27T12:10:31","modified_gmt":"2020-03-27T15:10:31","slug":"oito-pacientes-com-suspeita-de-coronavirus-em-hospital-de-caruaru","status":"publish","type":"post","link":"https:\/\/blogdoedvaldomagalhaes.com.br\/index.php\/2020\/03\/27\/oito-pacientes-com-suspeita-de-coronavirus-em-hospital-de-caruaru\/","title":{"rendered":"Oito pacientes com suspeita de coronav\u00edrus em hospital de Caruaru"},"content":{"rendered":"<p style=\"text-align: justify;\">BOLETIM &#8211; HOSPITAL MESTRE VITALINO &#8211; 27\/03\/2020<\/p>\n<p style=\"text-align: justify;\">At\u00e9 o momento o HMV atendeu onze (11) pacientes com suspeita de infec\u00e7\u00e3o pelo novo coronav\u00edrus (Covid &#8211; 19). Tr\u00eas (03) deles testaram negativo e tiveram a suspeita descartada.<\/p>\n<p style=\"text-align: justify;\">O HMV est\u00e1 com oito (08) pacientes com suspeita internados na UTI. Todos realizaram o teste e aguardam o resultado.<\/p>\n","protected":false},"excerpt":{"rendered":"<p>BOLETIM &#8211; HOSPITAL MESTRE VITALINO &#8211; 27\/03\/2020 At\u00e9 o momento o HMV atendeu onze (11) pacientes com suspeita de infec\u00e7\u00e3o&hellip;<\/p>\n","protected":false},"author":1,"featured_media":53344,"comment_status":"open","ping_status":"open","sticky":false,"template":"","format":"standard","meta":{"footnotes":""},"categories":[14120],"tags":[2,16881,17643],"class_list":["post-53343","post","type-post","status-publish","format-standard","has-post-thumbnail","hentry","category-noticias","tag-blog-do-edvaldo-magalhaes","tag-caruaru-e-regiao","tag-oito-pacientes-com-suspeita-de-coronavirus-em-hospital-de-caruaru"],"_links":{"self":[{"href":"https:\/\/blogdoedvaldomagalhaes.com.br\/index.php\/wp-json\/wp\/v2\/posts\/53343","targetHints":{"allow":["GET"]}}],"collection":[{"href":"https:\/\/blogdoedvaldomagalhaes.com.br\/index.php\/wp-json\/wp\/v2\/posts"}],"about":[{"href":"https:\/\/blogdoedvaldomagalhaes.com.br\/index.php\/wp-json\/wp\/v2\/types\/post"}],"author":[{"embeddable":true,"href":"https:\/\/blogdoedvaldomagalhaes.com.br\/index.php\/wp-json\/wp\/v2\/users\/1"}],"replies":[{"embeddable":true,"href":"https:\/\/blogdoedvaldomagalhaes.com.br\/index.php\/wp-json\/wp\/v2\/comments?post=53343"}],"version-history":[{"count":1,"href":"https:\/\/blogdoedvaldomagalhaes.com.br\/index.php\/wp-json\/wp\/v2\/posts\/53343\/revisions"}],"predecessor-version":[{"id":53345,"href":"https:\/\/blogdoedvaldomagalhaes.com.br\/index.php\/wp-json\/wp\/v2\/posts\/53343\/revisions\/53345"}],"wp:featuredmedia":[{"embeddable":true,"href":"https:\/\/blogdoedvaldomagalhaes.com.br\/index.php\/wp-json\/wp\/v2\/media\/53344"}],"wp:attachment":[{"href":"https:\/\/blogdoedvaldomagalhaes.com.br\/index.php\/wp-json\/wp\/v2\/media?parent=53343"}],"wp:term":[{"taxonomy":"category","embeddable":true,"href":"https:\/\/blogdoedvaldomagalhaes.com.br\/index.php\/wp-json\/wp\/v2\/categories?post=53343"},{"taxonomy":"post_tag","embeddable":true,"href":"https:\/\/blogdoedvaldomagalhaes.com.br\/index.php\/wp-json\/wp\/v2\/tags?post=53343"}],"curies":[{"name":"wp","href":"https:\/\/api.w.org\/{rel}","templated":true}]}}