{"id":53338,"date":"2020-03-27T11:55:03","date_gmt":"2020-03-27T14:55:03","guid":{"rendered":"http:\/\/blogdoedvaldomagalhaes.com.br\/?p=53338"},"modified":"2020-03-27T11:55:06","modified_gmt":"2020-03-27T14:55:06","slug":"caminhoneiros-recebem-auxilio-na-prevencao-ao-coronavirus-e-na-br-232-em-caruaru","status":"publish","type":"post","link":"https:\/\/blogdoedvaldomagalhaes.com.br\/index.php\/2020\/03\/27\/caminhoneiros-recebem-auxilio-na-prevencao-ao-coronavirus-e-na-br-232-em-caruaru\/","title":{"rendered":"Caminhoneiros recebem aux\u00edlio na preven\u00e7\u00e3o ao coronavirus \u00e9 na BR 232 em Caruaru"},"content":{"rendered":"<p style=\"text-align: justify;\"><span style=\"font-size: inherit;\">Em meio \u00e0 crise gerada pelo coronavirus, uma a\u00e7\u00e3o de apoio a motoristas de ve\u00edculos de carga ser\u00e1 realizada na tarde desta sexta-feira (27), em um posto de combust\u00edvel localizado no Km 118 da BR 232, em Caruaru, no Agreste de Pernambuco. A iniciativa integrada do Servi\u00e7o Social do Transporte (Sest Senat) e da Pol\u00edcia Rodovi\u00e1ria Federal (PRF) busca amenizar as dificuldades enfrentadas pelos caminhoneiros, diante do fechamento dos estabelecimentos comerciais.<\/span><\/p>\n<p style=\"text-align: justify;\">A a\u00e7\u00e3o integra uma mobiliza\u00e7\u00e3o nacional de aten\u00e7\u00e3o aos trabalhadores do setor de transporte, que tem encontrado dificuldades para se alimentar e se prevenir do Covid-19. Durante as abordagens aos motoristas, ser\u00e3o oferecidos kits de prote\u00e7\u00e3o e higiene (m\u00e1scara, luva, sabonete e papel higi\u00eanico), al\u00e9m de material informativo sobre a preven\u00e7\u00e3o \u00e0 doen\u00e7a.<\/p>\n<p style=\"text-align: justify;\">As m\u00e3os desses profissionais que se estendiam para a entrega de documentos, hoje recebem material para higieniz\u00e1-las. Para muitos deles, os quil\u00f4metros ainda a serem percorridos ser\u00e3o mais tranquilos, pela esperan\u00e7a de que mais \u00e0 frente outros policiais, volunt\u00e1rios e entidades estar\u00e3o dispostos a ajudar.<\/p>\n\n\n<figure class=\"wp-block-image size-large\"><img loading=\"lazy\" decoding=\"async\" width=\"622\" height=\"908\" src=\"http:\/\/blogdoedvaldomagalhaes.com.br\/wp-content\/uploads\/2020\/03\/IMG-20200327-WA0220.jpg\" alt=\"\" class=\"wp-image-53340\" srcset=\"https:\/\/blogdoedvaldomagalhaes.com.br\/wp-content\/uploads\/2020\/03\/IMG-20200327-WA0220.jpg 622w, https:\/\/blogdoedvaldomagalhaes.com.br\/wp-content\/uploads\/2020\/03\/IMG-20200327-WA0220-206x300.jpg 206w\" sizes=\"auto, (max-width: 622px) 100vw, 622px\" \/><\/figure>\n\n\n\n<figure class=\"wp-block-image size-large\"><img loading=\"lazy\" decoding=\"async\" width=\"720\" height=\"911\" src=\"http:\/\/blogdoedvaldomagalhaes.com.br\/wp-content\/uploads\/2020\/03\/IMG-20200327-WA0219.jpg\" alt=\"\" class=\"wp-image-53341\" srcset=\"https:\/\/blogdoedvaldomagalhaes.com.br\/wp-content\/uploads\/2020\/03\/IMG-20200327-WA0219.jpg 720w, https:\/\/blogdoedvaldomagalhaes.com.br\/wp-content\/uploads\/2020\/03\/IMG-20200327-WA0219-237x300.jpg 237w\" sizes=\"auto, (max-width: 720px) 100vw, 720px\" \/><\/figure>\n","protected":false},"excerpt":{"rendered":"<p>Em meio \u00e0 crise gerada pelo coronavirus, uma a\u00e7\u00e3o de apoio a motoristas de ve\u00edculos de carga ser\u00e1 realizada na&hellip;<\/p>\n","protected":false},"author":1,"featured_media":53339,"comment_status":"open","ping_status":"open","sticky":false,"template":"","format":"standard","meta":{"footnotes":""},"categories":[14120],"tags":[2,17642,16881],"class_list":["post-53338","post","type-post","status-publish","format-standard","has-post-thumbnail","hentry","category-noticias","tag-blog-do-edvaldo-magalhaes","tag-caminhoneiros-recebem-auxilio-na-prevencao-ao-coronavirus-e-na-br-232-em-caruaru","tag-caruaru-e-regiao"],"_links":{"self":[{"href":"https:\/\/blogdoedvaldomagalhaes.com.br\/index.php\/wp-json\/wp\/v2\/posts\/53338","targetHints":{"allow":["GET"]}}],"collection":[{"href":"https:\/\/blogdoedvaldomagalhaes.com.br\/index.php\/wp-json\/wp\/v2\/posts"}],"about":[{"href":"https:\/\/blogdoedvaldomagalhaes.com.br\/index.php\/wp-json\/wp\/v2\/types\/post"}],"author":[{"embeddable":true,"href":"https:\/\/blogdoedvaldomagalhaes.com.br\/index.php\/wp-json\/wp\/v2\/users\/1"}],"replies":[{"embeddable":true,"href":"https:\/\/blogdoedvaldomagalhaes.com.br\/index.php\/wp-json\/wp\/v2\/comments?post=53338"}],"version-history":[{"count":1,"href":"https:\/\/blogdoedvaldomagalhaes.com.br\/index.php\/wp-json\/wp\/v2\/posts\/53338\/revisions"}],"predecessor-version":[{"id":53342,"href":"https:\/\/blogdoedvaldomagalhaes.com.br\/index.php\/wp-json\/wp\/v2\/posts\/53338\/revisions\/53342"}],"wp:featuredmedia":[{"embeddable":true,"href":"https:\/\/blogdoedvaldomagalhaes.com.br\/index.php\/wp-json\/wp\/v2\/media\/53339"}],"wp:attachment":[{"href":"https:\/\/blogdoedvaldomagalhaes.com.br\/index.php\/wp-json\/wp\/v2\/media?parent=53338"}],"wp:term":[{"taxonomy":"category","embeddable":true,"href":"https:\/\/blogdoedvaldomagalhaes.com.br\/index.php\/wp-json\/wp\/v2\/categories?post=53338"},{"taxonomy":"post_tag","embeddable":true,"href":"https:\/\/blogdoedvaldomagalhaes.com.br\/index.php\/wp-json\/wp\/v2\/tags?post=53338"}],"curies":[{"name":"wp","href":"https:\/\/api.w.org\/{rel}","templated":true}]}}