{"id":53334,"date":"2020-03-26T22:37:37","date_gmt":"2020-03-27T01:37:37","guid":{"rendered":"http:\/\/blogdoedvaldomagalhaes.com.br\/?p=53334"},"modified":"2020-03-26T22:37:39","modified_gmt":"2020-03-27T01:37:39","slug":"lessa-defende-hospital-de-campanha-em-caruaru-no-combate-ao-coronavirus","status":"publish","type":"post","link":"https:\/\/blogdoedvaldomagalhaes.com.br\/index.php\/2020\/03\/26\/lessa-defende-hospital-de-campanha-em-caruaru-no-combate-ao-coronavirus\/","title":{"rendered":"Lessa defende hospital de campanha em Caruaru no combate ao coronav\u00edrus"},"content":{"rendered":"<p style=\"text-align: justify;\">Em car\u00e1ter de urg\u00eancia devido \u00e0 pandemia do novo coronav\u00edrus, o deputado estadual Delegado Erick Lessa indicou ao Governo do Estado a possibilidade de transformar, temporariamente, o Hospital da Mulher em Caruaru em um \u2018hospital de campanha\u2019. Desta forma, ampliando a quantidade de leitos de Unidades de Terapia Intensiva (UTIs) e equipando o referido hospital com mais leitos e equipamentos de ventila\u00e7\u00e3o. A recomenda\u00e7\u00e3o foi feita atrav\u00e9s de um of\u00edcio encaminhado ao Pal\u00e1cio na quarta-feira, 25, que tamb\u00e9m apresenta um pacote de sugest\u00f5es de enfrentamento \u00e0 pandemia.<\/p>\n<p style=\"text-align: justify;\"><br \/>No documento, o parlamentar apresenta ao Governo Estadual estrat\u00e9gias de preven\u00e7\u00e3o e combate \u00e0 propaga\u00e7\u00e3o do v\u00edrus no interior do estado, destacando a centralidade do munic\u00edpio de Caruaru para o Agreste pernambucano. \u201cCaruaru \u00e9 a cidade que apresenta um maior n\u00famero de hospitais, fora do eixo da Regi\u00e3o Metropolitana, al\u00e9m de dispor de um grande n\u00famero de profissionais de sa\u00fade. Acredito que um hospital de campanha no munic\u00edpio possa se tornar uma refer\u00eancia no Agreste e no Sert\u00e3o do estado\u201d, avalia.<\/p>\n<p style=\"text-align: justify;\"><br \/>A utiliza\u00e7\u00e3o de hospitais de campanha faz parte do plano de conting\u00eancia de diversos estados do Brasil, no enfrentamento da Covid-19, doen\u00e7a provocada pelo novo coronav\u00edrus. O uso deste tipo de depend\u00eancia hospitalar se configura em um refor\u00e7o para a Sa\u00fade, liberando espa\u00e7o para outras unidades e evitando o colapso na rede.<\/p>\n\n\n<figure class=\"wp-block-image size-large\"><img loading=\"lazy\" decoding=\"async\" width=\"1024\" height=\"682\" src=\"http:\/\/blogdoedvaldomagalhaes.com.br\/wp-content\/uploads\/2020\/03\/IMG-20200326-WA0446-1024x682.jpg\" alt=\"\" class=\"wp-image-53336\" srcset=\"https:\/\/blogdoedvaldomagalhaes.com.br\/wp-content\/uploads\/2020\/03\/IMG-20200326-WA0446-1024x682.jpg 1024w, https:\/\/blogdoedvaldomagalhaes.com.br\/wp-content\/uploads\/2020\/03\/IMG-20200326-WA0446-300x200.jpg 300w, https:\/\/blogdoedvaldomagalhaes.com.br\/wp-content\/uploads\/2020\/03\/IMG-20200326-WA0446-768x512.jpg 768w, https:\/\/blogdoedvaldomagalhaes.com.br\/wp-content\/uploads\/2020\/03\/IMG-20200326-WA0446.jpg 1280w\" sizes=\"auto, (max-width: 1024px) 100vw, 1024px\" \/><figcaption>Cr\u00e9ditos: Vilane Gomes<\/figcaption><\/figure>\n","protected":false},"excerpt":{"rendered":"<p>Em car\u00e1ter de urg\u00eancia devido \u00e0 pandemia do novo coronav\u00edrus, o deputado estadual Delegado Erick Lessa indicou ao Governo do&hellip;<\/p>\n","protected":false},"author":1,"featured_media":53335,"comment_status":"open","ping_status":"open","sticky":false,"template":"","format":"standard","meta":{"footnotes":""},"categories":[14122],"tags":[2,16901,17641],"class_list":["post-53334","post","type-post","status-publish","format-standard","has-post-thumbnail","hentry","category-politica","tag-blog-do-edvaldo-magalhaes","tag-caruru-e-regiao","tag-lessa-defende-hospital-de-campanha-em-caruaru-no-combate-ao-coronavirus"],"_links":{"self":[{"href":"https:\/\/blogdoedvaldomagalhaes.com.br\/index.php\/wp-json\/wp\/v2\/posts\/53334","targetHints":{"allow":["GET"]}}],"collection":[{"href":"https:\/\/blogdoedvaldomagalhaes.com.br\/index.php\/wp-json\/wp\/v2\/posts"}],"about":[{"href":"https:\/\/blogdoedvaldomagalhaes.com.br\/index.php\/wp-json\/wp\/v2\/types\/post"}],"author":[{"embeddable":true,"href":"https:\/\/blogdoedvaldomagalhaes.com.br\/index.php\/wp-json\/wp\/v2\/users\/1"}],"replies":[{"embeddable":true,"href":"https:\/\/blogdoedvaldomagalhaes.com.br\/index.php\/wp-json\/wp\/v2\/comments?post=53334"}],"version-history":[{"count":1,"href":"https:\/\/blogdoedvaldomagalhaes.com.br\/index.php\/wp-json\/wp\/v2\/posts\/53334\/revisions"}],"predecessor-version":[{"id":53337,"href":"https:\/\/blogdoedvaldomagalhaes.com.br\/index.php\/wp-json\/wp\/v2\/posts\/53334\/revisions\/53337"}],"wp:featuredmedia":[{"embeddable":true,"href":"https:\/\/blogdoedvaldomagalhaes.com.br\/index.php\/wp-json\/wp\/v2\/media\/53335"}],"wp:attachment":[{"href":"https:\/\/blogdoedvaldomagalhaes.com.br\/index.php\/wp-json\/wp\/v2\/media?parent=53334"}],"wp:term":[{"taxonomy":"category","embeddable":true,"href":"https:\/\/blogdoedvaldomagalhaes.com.br\/index.php\/wp-json\/wp\/v2\/categories?post=53334"},{"taxonomy":"post_tag","embeddable":true,"href":"https:\/\/blogdoedvaldomagalhaes.com.br\/index.php\/wp-json\/wp\/v2\/tags?post=53334"}],"curies":[{"name":"wp","href":"https:\/\/api.w.org\/{rel}","templated":true}]}}