{"id":53331,"date":"2020-03-26T21:41:41","date_gmt":"2020-03-27T00:41:41","guid":{"rendered":"http:\/\/blogdoedvaldomagalhaes.com.br\/?p=53331"},"modified":"2020-03-26T21:41:49","modified_gmt":"2020-03-27T00:41:49","slug":"governo-de-pernambuco-reforca-comunicacao-educativa-no-combate-ao-novo-coronavirus","status":"publish","type":"post","link":"https:\/\/blogdoedvaldomagalhaes.com.br\/index.php\/2020\/03\/26\/governo-de-pernambuco-reforca-comunicacao-educativa-no-combate-ao-novo-coronavirus\/","title":{"rendered":"Governo de Pernambuco refor\u00e7a comunica\u00e7\u00e3o educativa no combate ao novo coronav\u00edrus"},"content":{"rendered":"<p style=\"text-align: justify;\"><span style=\"font-size: inherit;\">Entre as iniciativas est\u00e3o o lan\u00e7amento de um site exclusivo, campanhas de preven\u00e7\u00e3o em carros de som em todo o Estado e amplia\u00e7\u00e3o da veicula\u00e7\u00e3o de spots e filmes em r\u00e1dios e TVs, al\u00e9m da estrutura\u00e7\u00e3o de uma central de combate \u00e0 fake news.<\/span><\/p>\n<p style=\"text-align: justify;\">Para manter a popula\u00e7\u00e3o bem informada sobre o combate ao novo coronav\u00edrus, o Governo de Pernambuco est\u00e1 promovendo um conjunto de a\u00e7\u00f5es para refor\u00e7ar a comunica\u00e7\u00e3o educativa. Nesta quinta-feira (26.03), ser\u00e1 lan\u00e7ado um hotsite exclusivo reunindo as principais informa\u00e7\u00f5es sobre a pandemia. Ainda na internet, foi estruturada uma central de combate \u00e0s fake news que circulam nas redes sociais e no Whatsapp. O Governo ampliar\u00e1 tamb\u00e9m a veicula\u00e7\u00e3o de spots e filmes educativos em r\u00e1dios e TVs, al\u00e9m de fazer circular, por todo o Estado, carros de som com mensagens da campanha de preven\u00e7\u00e3o.<br \/>\nNo novo site \u2013 no endere\u00e7o www.pecontracoronavirus.pe.gov.br \u2013 a popula\u00e7\u00e3o encontrar\u00e1 as principais not\u00edcias sobre a Covid-19, inclusive as medidas restritivas institu\u00eddas por decretos do governo estadual, boletins epidemiol\u00f3gicos, d\u00favidas frequentes da popula\u00e7\u00e3o, import\u00e2ncia dos h\u00e1bitos de higiene como medida de preven\u00e7\u00e3o, sintomas e formas de evitar o agravamento da pandemia. A p\u00e1gina traz ainda um painel em tempo real com informa\u00e7\u00f5es sobre dados da Covid-19 em Pernambuco, no Brasil e no mundo, com casos notificados, descartados, em investiga\u00e7\u00e3o e confirmados.<br \/>\n\u201cA comunica\u00e7\u00e3o tem um papel fundamental no combater \u00e0 dissemina\u00e7\u00e3o do novo coronav\u00edrus no Estado. A popula\u00e7\u00e3o precisa estar bem informada e ciente das a\u00e7\u00f5es e medidas adotadas pelo poder p\u00fablico e de como ela pode colaborar no enfrentamento \u00e0 pandemia. Essa \u00e9 uma luta muito dif\u00edcil, que exige o comprometimento de todos e transpar\u00eancia em todos os processos&#8221;, afirmou o secret\u00e1rio executivo de Comunica\u00e7\u00e3o do Governo do Estado, Alexandre Gabriel.<br \/>\nAs novas a\u00e7\u00f5es que est\u00e3o sendo implementadas pelo Governo de Pernambuco na \u00e1rea marcam o in\u00edcio da segunda fase da comunica\u00e7\u00e3o educativa contra a Covid-19, refor\u00e7ando a import\u00e2ncia da conscientiza\u00e7\u00e3o das pessoas para que sigam as orienta\u00e7\u00f5es sanit\u00e1rias e fiquem em casa. Antes mesmo da confirma\u00e7\u00e3o do primeiro caso em Pernambuco, a administra\u00e7\u00e3o estadual havia deflagrado uma campanha informativa em espa\u00e7os p\u00fablicos e privados, com a distribui\u00e7\u00e3o de material gr\u00e1fico e mensagens de r\u00e1dio e TV.<br \/>\nAs atuais campanhas educativas de preven\u00e7\u00e3o contam com entrevistas do chefe do setor de Infectologia do Hospital Universit\u00e1rio Oswaldo Cruz (Huoc), Demetrius Montenegro, para mais de 80 r\u00e1dios do Estado. Outra medida de preven\u00e7\u00e3o adotada pelo Governo de Pernambuco foi a transmiss\u00e3o, ao vivo, das coletivas de imprensa, com a participa\u00e7\u00e3o do governador e secret\u00e1rios de estado, atendendo \u00e0 recomenda\u00e7\u00e3o das autoridades sanit\u00e1rias de Pernambuco. O espa\u00e7o profissional estruturado na sede do Governo tamb\u00e9m \u00e9 utilizado diariamente pra grava\u00e7\u00e3o das principais not\u00edcias do dia.<br \/>\nREDES SOCIAIS &#8211; As plataformas do Governo do Estado tamb\u00e9m s\u00e3o atualizadas com boletins di\u00e1rios e banners educativos. Al\u00e9m das redes sociais, os boletins s\u00e3o disponibilizados pelo WhatsApp (81 9 9488-3776) com as principais not\u00edcias sobre a Covid-19.<br \/>\nOs portais institucionais contam com orienta\u00e7\u00f5es em v\u00eddeo, texto e imagens. O conte\u00fado \u00e9 disponibilizado nas contas oficiais do Governo do Estado no Facebook (www.facebook.com\/governope), Twitter (twitter.com\/governope), Instagram (www.instagram.com\/governope) e no Youtube (Governo de Pernambuco). Os materiais podem ser baixados nos sites para serem compartilhados nas redes sociais da popula\u00e7\u00e3o.<\/p>\n","protected":false},"excerpt":{"rendered":"<p>Entre as iniciativas est\u00e3o o lan\u00e7amento de um site exclusivo, campanhas de preven\u00e7\u00e3o em carros de som em todo o&hellip;<\/p>\n","protected":false},"author":1,"featured_media":53332,"comment_status":"open","ping_status":"open","sticky":false,"template":"","format":"standard","meta":{"footnotes":""},"categories":[14122],"tags":[2,16881,17640],"class_list":["post-53331","post","type-post","status-publish","format-standard","has-post-thumbnail","hentry","category-politica","tag-blog-do-edvaldo-magalhaes","tag-caruaru-e-regiao","tag-governo-de-pernambuco-reforca-comunicacao-educativa-no-combate-ao-novo-coronavirus"],"_links":{"self":[{"href":"https:\/\/blogdoedvaldomagalhaes.com.br\/index.php\/wp-json\/wp\/v2\/posts\/53331","targetHints":{"allow":["GET"]}}],"collection":[{"href":"https:\/\/blogdoedvaldomagalhaes.com.br\/index.php\/wp-json\/wp\/v2\/posts"}],"about":[{"href":"https:\/\/blogdoedvaldomagalhaes.com.br\/index.php\/wp-json\/wp\/v2\/types\/post"}],"author":[{"embeddable":true,"href":"https:\/\/blogdoedvaldomagalhaes.com.br\/index.php\/wp-json\/wp\/v2\/users\/1"}],"replies":[{"embeddable":true,"href":"https:\/\/blogdoedvaldomagalhaes.com.br\/index.php\/wp-json\/wp\/v2\/comments?post=53331"}],"version-history":[{"count":1,"href":"https:\/\/blogdoedvaldomagalhaes.com.br\/index.php\/wp-json\/wp\/v2\/posts\/53331\/revisions"}],"predecessor-version":[{"id":53333,"href":"https:\/\/blogdoedvaldomagalhaes.com.br\/index.php\/wp-json\/wp\/v2\/posts\/53331\/revisions\/53333"}],"wp:featuredmedia":[{"embeddable":true,"href":"https:\/\/blogdoedvaldomagalhaes.com.br\/index.php\/wp-json\/wp\/v2\/media\/53332"}],"wp:attachment":[{"href":"https:\/\/blogdoedvaldomagalhaes.com.br\/index.php\/wp-json\/wp\/v2\/media?parent=53331"}],"wp:term":[{"taxonomy":"category","embeddable":true,"href":"https:\/\/blogdoedvaldomagalhaes.com.br\/index.php\/wp-json\/wp\/v2\/categories?post=53331"},{"taxonomy":"post_tag","embeddable":true,"href":"https:\/\/blogdoedvaldomagalhaes.com.br\/index.php\/wp-json\/wp\/v2\/tags?post=53331"}],"curies":[{"name":"wp","href":"https:\/\/api.w.org\/{rel}","templated":true}]}}