{"id":53319,"date":"2020-03-26T19:19:42","date_gmt":"2020-03-26T22:19:42","guid":{"rendered":"http:\/\/blogdoedvaldomagalhaes.com.br\/?p=53319"},"modified":"2020-03-26T19:19:48","modified_gmt":"2020-03-26T22:19:48","slug":"reeducandos-da-penitenciaria-de-caruaru-vao-produzir-mascaras-para-hospitais","status":"publish","type":"post","link":"https:\/\/blogdoedvaldomagalhaes.com.br\/index.php\/2020\/03\/26\/reeducandos-da-penitenciaria-de-caruaru-vao-produzir-mascaras-para-hospitais\/","title":{"rendered":"Reeducandos da Penitenci\u00e1ria de Caruaru v\u00e3o produzir m\u00e1scaras para hospitais"},"content":{"rendered":"<p style=\"text-align: justify;\"><span style=\"font-size: inherit;\">Reeducandos da Penitenci\u00e1ria Juiz Pl\u00e1cido de Souza (PJPS), em Caruaru, no Agreste de Pernambuco, produzir\u00e3o, a partir desta sexta (27), m\u00e1scaras para serem utilizadas na preven\u00e7\u00e3o do coronav\u00edrus. Cerca de 300 quilos de acetato foram doados por um empres\u00e1rio local \u00e0 unidade prisional.\u00a0<\/span><\/p>\n<p style=\"text-align: justify;\">O Secret\u00e1rio de Justi\u00e7a e Direitos Humanos, Pedro Eurico, define a iniciativa como essencial no processo ressocializador. \u201cContribuir com a popula\u00e7\u00e3o, direta ou indiretamente, em um momento como este que estamos atravessando \u00e9 nobre para qualquer cidad\u00e3o. A ideia \u00e9 ampliar a atua\u00e7\u00e3o para outras unidades prisionais e, assim, ajudar cada vez mais a sociedade com a m\u00e3o de obra carcer\u00e1ria\u201d relata.<br \/>\nA ger\u00eancia prisional reservou um local para a confec\u00e7\u00e3o do material, onde dez reeducandos trabalhar\u00e3o de segunda a sexta-feira, das 8h \u00e0s 17h, e produzir\u00e3o mil unidades que ser\u00e3o doadas aos profissionais de sa\u00fade dos hospitais Regional do Agreste e Mestre Vitalino, Fusam\/Caruaru e \u00e0 UPAE (Unidade de Pronto Atendimento do Estado).<br \/>\nInteressados em fazer doa\u00e7\u00f5es ao sistema prisional de Pernambuco, podem entrar em contato atrav\u00e9s do telefone (81) 9.9488.2107 (Zap) ou e-mail paulo.paes@seres.pe.gov.br<\/p>\n","protected":false},"excerpt":{"rendered":"<p>Reeducandos da Penitenci\u00e1ria Juiz Pl\u00e1cido de Souza (PJPS), em Caruaru, no Agreste de Pernambuco, produzir\u00e3o, a partir desta sexta (27),&hellip;<\/p>\n","protected":false},"author":1,"featured_media":53320,"comment_status":"open","ping_status":"open","sticky":false,"template":"","format":"standard","meta":{"footnotes":""},"categories":[14120],"tags":[2,16881,17637],"class_list":["post-53319","post","type-post","status-publish","format-standard","has-post-thumbnail","hentry","category-noticias","tag-blog-do-edvaldo-magalhaes","tag-caruaru-e-regiao","tag-reeducandos-da-penitenciaria-de-caruaru-vao-produzir-mascaras-para-hospitais"],"_links":{"self":[{"href":"https:\/\/blogdoedvaldomagalhaes.com.br\/index.php\/wp-json\/wp\/v2\/posts\/53319","targetHints":{"allow":["GET"]}}],"collection":[{"href":"https:\/\/blogdoedvaldomagalhaes.com.br\/index.php\/wp-json\/wp\/v2\/posts"}],"about":[{"href":"https:\/\/blogdoedvaldomagalhaes.com.br\/index.php\/wp-json\/wp\/v2\/types\/post"}],"author":[{"embeddable":true,"href":"https:\/\/blogdoedvaldomagalhaes.com.br\/index.php\/wp-json\/wp\/v2\/users\/1"}],"replies":[{"embeddable":true,"href":"https:\/\/blogdoedvaldomagalhaes.com.br\/index.php\/wp-json\/wp\/v2\/comments?post=53319"}],"version-history":[{"count":1,"href":"https:\/\/blogdoedvaldomagalhaes.com.br\/index.php\/wp-json\/wp\/v2\/posts\/53319\/revisions"}],"predecessor-version":[{"id":53321,"href":"https:\/\/blogdoedvaldomagalhaes.com.br\/index.php\/wp-json\/wp\/v2\/posts\/53319\/revisions\/53321"}],"wp:featuredmedia":[{"embeddable":true,"href":"https:\/\/blogdoedvaldomagalhaes.com.br\/index.php\/wp-json\/wp\/v2\/media\/53320"}],"wp:attachment":[{"href":"https:\/\/blogdoedvaldomagalhaes.com.br\/index.php\/wp-json\/wp\/v2\/media?parent=53319"}],"wp:term":[{"taxonomy":"category","embeddable":true,"href":"https:\/\/blogdoedvaldomagalhaes.com.br\/index.php\/wp-json\/wp\/v2\/categories?post=53319"},{"taxonomy":"post_tag","embeddable":true,"href":"https:\/\/blogdoedvaldomagalhaes.com.br\/index.php\/wp-json\/wp\/v2\/tags?post=53319"}],"curies":[{"name":"wp","href":"https:\/\/api.w.org\/{rel}","templated":true}]}}