{"id":53316,"date":"2020-03-26T19:10:10","date_gmt":"2020-03-26T22:10:10","guid":{"rendered":"http:\/\/blogdoedvaldomagalhaes.com.br\/?p=53316"},"modified":"2020-03-26T19:10:14","modified_gmt":"2020-03-26T22:10:14","slug":"prefeitura-de-caruaru-cria-plataforma-digital-para-atendimentos-online-das-secretarias-municipais","status":"publish","type":"post","link":"https:\/\/blogdoedvaldomagalhaes.com.br\/index.php\/2020\/03\/26\/prefeitura-de-caruaru-cria-plataforma-digital-para-atendimentos-online-das-secretarias-municipais\/","title":{"rendered":"Prefeitura de Caruaru cria plataforma digital para atendimentos online das secretarias municipais"},"content":{"rendered":"<p style=\"text-align: justify;\"><span style=\"font-size: inherit;\">Em busca de solu\u00e7\u00f5es pr\u00e1ticas e eficazes para atender \u00e0 popula\u00e7\u00e3o durante o per\u00edodo de combate ao Covid-19, a Prefeitura de Caruaru acaba de lan\u00e7ar uma ferramenta para ajudar nessa comunica\u00e7\u00e3o com a popula\u00e7\u00e3o. A plataforma est\u00e1 hospedada no site da prefeitura e todos podem ter acesso pelo link: link https:\/\/caruaru.pe.gov.br\/atendimento-das-secretarias\/.<\/span><\/p>\n<p style=\"text-align: justify;\">Todas as secretarias est\u00e3o com um canal de comunica\u00e7\u00e3o na plataforma para receber os pedidos dos usu\u00e1rios. \u201cAbrimos mais esse canal para facilitar a vida das pessoas e, principalmente, para que todos cumpram o pedido de que fiquem em casa nesse per\u00edodo de combate ao novo coronav\u00edrus\u201d, explica Ana Maraiza, secret\u00e1ria de Administra\u00e7\u00e3o do munic\u00edpio.<\/p>\n<p style=\"text-align: justify;\">O formul\u00e1rio \u00e9 simples. Basta preencher um formul\u00e1rio detalhando a solicita\u00e7\u00e3o. Depois de analisado, o \u00f3rg\u00e3o respons\u00e1vel entrar\u00e1 em contato com o solicitante para dar um posicionamento sobre cada demanda. \u00c9 importante destacar que nenhum servi\u00e7o emergencial est\u00e1 indispon\u00edvel na ferramenta.<\/p>\n","protected":false},"excerpt":{"rendered":"<p>Em busca de solu\u00e7\u00f5es pr\u00e1ticas e eficazes para atender \u00e0 popula\u00e7\u00e3o durante o per\u00edodo de combate ao Covid-19, a Prefeitura&hellip;<\/p>\n","protected":false},"author":1,"featured_media":53317,"comment_status":"open","ping_status":"open","sticky":false,"template":"","format":"standard","meta":{"footnotes":""},"categories":[14120],"tags":[2,16881,17636],"class_list":["post-53316","post","type-post","status-publish","format-standard","has-post-thumbnail","hentry","category-noticias","tag-blog-do-edvaldo-magalhaes","tag-caruaru-e-regiao","tag-prefeitura-de-caruaru-cria-plataforma-digital-para-atendimentos-online-das-secretarias-municipais"],"_links":{"self":[{"href":"https:\/\/blogdoedvaldomagalhaes.com.br\/index.php\/wp-json\/wp\/v2\/posts\/53316","targetHints":{"allow":["GET"]}}],"collection":[{"href":"https:\/\/blogdoedvaldomagalhaes.com.br\/index.php\/wp-json\/wp\/v2\/posts"}],"about":[{"href":"https:\/\/blogdoedvaldomagalhaes.com.br\/index.php\/wp-json\/wp\/v2\/types\/post"}],"author":[{"embeddable":true,"href":"https:\/\/blogdoedvaldomagalhaes.com.br\/index.php\/wp-json\/wp\/v2\/users\/1"}],"replies":[{"embeddable":true,"href":"https:\/\/blogdoedvaldomagalhaes.com.br\/index.php\/wp-json\/wp\/v2\/comments?post=53316"}],"version-history":[{"count":1,"href":"https:\/\/blogdoedvaldomagalhaes.com.br\/index.php\/wp-json\/wp\/v2\/posts\/53316\/revisions"}],"predecessor-version":[{"id":53318,"href":"https:\/\/blogdoedvaldomagalhaes.com.br\/index.php\/wp-json\/wp\/v2\/posts\/53316\/revisions\/53318"}],"wp:featuredmedia":[{"embeddable":true,"href":"https:\/\/blogdoedvaldomagalhaes.com.br\/index.php\/wp-json\/wp\/v2\/media\/53317"}],"wp:attachment":[{"href":"https:\/\/blogdoedvaldomagalhaes.com.br\/index.php\/wp-json\/wp\/v2\/media?parent=53316"}],"wp:term":[{"taxonomy":"category","embeddable":true,"href":"https:\/\/blogdoedvaldomagalhaes.com.br\/index.php\/wp-json\/wp\/v2\/categories?post=53316"},{"taxonomy":"post_tag","embeddable":true,"href":"https:\/\/blogdoedvaldomagalhaes.com.br\/index.php\/wp-json\/wp\/v2\/tags?post=53316"}],"curies":[{"name":"wp","href":"https:\/\/api.w.org\/{rel}","templated":true}]}}