{"id":53305,"date":"2020-03-26T18:43:29","date_gmt":"2020-03-26T21:43:29","guid":{"rendered":"http:\/\/blogdoedvaldomagalhaes.com.br\/?p=53305"},"modified":"2020-03-26T18:49:46","modified_gmt":"2020-03-26T21:49:46","slug":"secretaria-de-saude-de-caruaru-disponibiliza-atendimento-psicologico-online","status":"publish","type":"post","link":"https:\/\/blogdoedvaldomagalhaes.com.br\/index.php\/2020\/03\/26\/secretaria-de-saude-de-caruaru-disponibiliza-atendimento-psicologico-online\/","title":{"rendered":"Secretaria de Sa\u00fade de Caruaru disponibiliza atendimento psicol\u00f3gico online"},"content":{"rendered":"<p style=\"text-align: justify;\"><span style=\"font-size: inherit;\">Como medida protetiva, os atendimentos psicol\u00f3gicos presenciais est\u00e3o sendo substitu\u00eddos pela tecnologia, assim, tornando-se um recurso necess\u00e1rio para controle e cuidado emocional. A Secretaria Municipal de Sa\u00fade, atrav\u00e9s da coordenadoria de Sa\u00fade Mental, lan\u00e7a o Conecta Sa\u00fade Mental Caruaru, que vem com a proposta de cuidado da mente humana durante a pandemia do Covid-19.<\/span><\/p>\n<p style=\"text-align: justify;\">\u201cPor mais que o isolamento social afete a sa\u00fade mental e fa\u00e7a as pessoas se sentirem sozinhas, abandonadas e at\u00e9 rejeitadas, \u00e9 preciso trabalhar a ideia de que este \u00e9 um momento delicado pelo qual todos n\u00f3s precisamos passar juntos. Por isso vamos disponibilizar os nossos psic\u00f3logos para auxiliar quem precisa de ajuda, neste momento\u201d, explicou a coordenador de Sa\u00fade Mental, Rebecca Brayner.<\/p>\n<p style=\"text-align: justify;\">As pessoas que estiverem com medo, p\u00e2nico, ansiedade gerada pela instabilidade atual, entre outros, v\u00e3o poder se conectar, atrav\u00e9s de telefone, whatsapp ou Skype, com psic\u00f3logos da Rede de Aten\u00e7\u00e3o B\u00e1sica e Especializada da Secretaria de Sa\u00fade.<\/p>\n<p style=\"text-align: justify;\">Os atendimentos durar\u00e3o, em m\u00e9dia, 30 minutos. E tudo de forma gratuita.<\/p>\n<p style=\"text-align: justify;\">Confira a lista do profissionais e hor\u00e1rios dispon\u00edveis:<\/p>\n\n\n<figure class=\"wp-block-image size-large\"><img loading=\"lazy\" decoding=\"async\" width=\"1022\" height=\"1024\" src=\"http:\/\/blogdoedvaldomagalhaes.com.br\/wp-content\/uploads\/2020\/03\/IMG-20200326-WA0323-1022x1024.jpg\" alt=\"\" class=\"wp-image-53308\" srcset=\"https:\/\/blogdoedvaldomagalhaes.com.br\/wp-content\/uploads\/2020\/03\/IMG-20200326-WA0323-1022x1024.jpg 1022w, https:\/\/blogdoedvaldomagalhaes.com.br\/wp-content\/uploads\/2020\/03\/IMG-20200326-WA0323-300x300.jpg 300w, https:\/\/blogdoedvaldomagalhaes.com.br\/wp-content\/uploads\/2020\/03\/IMG-20200326-WA0323-150x150.jpg 150w, https:\/\/blogdoedvaldomagalhaes.com.br\/wp-content\/uploads\/2020\/03\/IMG-20200326-WA0323-768x769.jpg 768w, https:\/\/blogdoedvaldomagalhaes.com.br\/wp-content\/uploads\/2020\/03\/IMG-20200326-WA0323.jpg 1278w\" sizes=\"auto, (max-width: 1022px) 100vw, 1022px\" \/><\/figure>\n\n\n\n<figure class=\"wp-block-image size-large\"><img loading=\"lazy\" decoding=\"async\" width=\"1022\" height=\"1024\" src=\"http:\/\/blogdoedvaldomagalhaes.com.br\/wp-content\/uploads\/2020\/03\/IMG-20200326-WA0322-1022x1024.jpg\" alt=\"\" class=\"wp-image-53309\" srcset=\"https:\/\/blogdoedvaldomagalhaes.com.br\/wp-content\/uploads\/2020\/03\/IMG-20200326-WA0322-1022x1024.jpg 1022w, https:\/\/blogdoedvaldomagalhaes.com.br\/wp-content\/uploads\/2020\/03\/IMG-20200326-WA0322-300x300.jpg 300w, https:\/\/blogdoedvaldomagalhaes.com.br\/wp-content\/uploads\/2020\/03\/IMG-20200326-WA0322-150x150.jpg 150w, https:\/\/blogdoedvaldomagalhaes.com.br\/wp-content\/uploads\/2020\/03\/IMG-20200326-WA0322-768x769.jpg 768w, https:\/\/blogdoedvaldomagalhaes.com.br\/wp-content\/uploads\/2020\/03\/IMG-20200326-WA0322.jpg 1278w\" sizes=\"auto, (max-width: 1022px) 100vw, 1022px\" \/><\/figure>\n\n\n\n<figure class=\"wp-block-image size-large\"><img loading=\"lazy\" decoding=\"async\" width=\"1022\" height=\"1024\" src=\"http:\/\/blogdoedvaldomagalhaes.com.br\/wp-content\/uploads\/2020\/03\/IMG-20200326-WA0320-1022x1024.jpg\" alt=\"\" class=\"wp-image-53310\" srcset=\"https:\/\/blogdoedvaldomagalhaes.com.br\/wp-content\/uploads\/2020\/03\/IMG-20200326-WA0320-1022x1024.jpg 1022w, https:\/\/blogdoedvaldomagalhaes.com.br\/wp-content\/uploads\/2020\/03\/IMG-20200326-WA0320-300x300.jpg 300w, https:\/\/blogdoedvaldomagalhaes.com.br\/wp-content\/uploads\/2020\/03\/IMG-20200326-WA0320-150x150.jpg 150w, https:\/\/blogdoedvaldomagalhaes.com.br\/wp-content\/uploads\/2020\/03\/IMG-20200326-WA0320-768x769.jpg 768w, https:\/\/blogdoedvaldomagalhaes.com.br\/wp-content\/uploads\/2020\/03\/IMG-20200326-WA0320.jpg 1278w\" sizes=\"auto, (max-width: 1022px) 100vw, 1022px\" \/><\/figure>\n\n\n\n<figure class=\"wp-block-image size-large\"><img loading=\"lazy\" decoding=\"async\" width=\"1022\" height=\"1024\" src=\"http:\/\/blogdoedvaldomagalhaes.com.br\/wp-content\/uploads\/2020\/03\/IMG-20200326-WA0319-1022x1024.jpg\" alt=\"\" class=\"wp-image-53311\" srcset=\"https:\/\/blogdoedvaldomagalhaes.com.br\/wp-content\/uploads\/2020\/03\/IMG-20200326-WA0319-1022x1024.jpg 1022w, https:\/\/blogdoedvaldomagalhaes.com.br\/wp-content\/uploads\/2020\/03\/IMG-20200326-WA0319-300x300.jpg 300w, https:\/\/blogdoedvaldomagalhaes.com.br\/wp-content\/uploads\/2020\/03\/IMG-20200326-WA0319-150x150.jpg 150w, https:\/\/blogdoedvaldomagalhaes.com.br\/wp-content\/uploads\/2020\/03\/IMG-20200326-WA0319-768x769.jpg 768w, https:\/\/blogdoedvaldomagalhaes.com.br\/wp-content\/uploads\/2020\/03\/IMG-20200326-WA0319.jpg 1278w\" sizes=\"auto, (max-width: 1022px) 100vw, 1022px\" \/><\/figure>\n","protected":false},"excerpt":{"rendered":"<p>Como medida protetiva, os atendimentos psicol\u00f3gicos presenciais est\u00e3o sendo substitu\u00eddos pela tecnologia, assim, tornando-se um recurso necess\u00e1rio para controle e&hellip;<\/p>\n","protected":false},"author":1,"featured_media":53306,"comment_status":"open","ping_status":"open","sticky":false,"template":"","format":"standard","meta":{"footnotes":""},"categories":[14120],"tags":[16881,17633],"class_list":["post-53305","post","type-post","status-publish","format-standard","has-post-thumbnail","hentry","category-noticias","tag-caruaru-e-regiao","tag-secretaria-de-saude-de-caruaru-disponibiliza-atendimento-psicologico-online"],"_links":{"self":[{"href":"https:\/\/blogdoedvaldomagalhaes.com.br\/index.php\/wp-json\/wp\/v2\/posts\/53305","targetHints":{"allow":["GET"]}}],"collection":[{"href":"https:\/\/blogdoedvaldomagalhaes.com.br\/index.php\/wp-json\/wp\/v2\/posts"}],"about":[{"href":"https:\/\/blogdoedvaldomagalhaes.com.br\/index.php\/wp-json\/wp\/v2\/types\/post"}],"author":[{"embeddable":true,"href":"https:\/\/blogdoedvaldomagalhaes.com.br\/index.php\/wp-json\/wp\/v2\/users\/1"}],"replies":[{"embeddable":true,"href":"https:\/\/blogdoedvaldomagalhaes.com.br\/index.php\/wp-json\/wp\/v2\/comments?post=53305"}],"version-history":[{"count":2,"href":"https:\/\/blogdoedvaldomagalhaes.com.br\/index.php\/wp-json\/wp\/v2\/posts\/53305\/revisions"}],"predecessor-version":[{"id":53312,"href":"https:\/\/blogdoedvaldomagalhaes.com.br\/index.php\/wp-json\/wp\/v2\/posts\/53305\/revisions\/53312"}],"wp:featuredmedia":[{"embeddable":true,"href":"https:\/\/blogdoedvaldomagalhaes.com.br\/index.php\/wp-json\/wp\/v2\/media\/53306"}],"wp:attachment":[{"href":"https:\/\/blogdoedvaldomagalhaes.com.br\/index.php\/wp-json\/wp\/v2\/media?parent=53305"}],"wp:term":[{"taxonomy":"category","embeddable":true,"href":"https:\/\/blogdoedvaldomagalhaes.com.br\/index.php\/wp-json\/wp\/v2\/categories?post=53305"},{"taxonomy":"post_tag","embeddable":true,"href":"https:\/\/blogdoedvaldomagalhaes.com.br\/index.php\/wp-json\/wp\/v2\/tags?post=53305"}],"curies":[{"name":"wp","href":"https:\/\/api.w.org\/{rel}","templated":true}]}}