{"id":53298,"date":"2020-03-26T14:02:45","date_gmt":"2020-03-26T17:02:45","guid":{"rendered":"http:\/\/blogdoedvaldomagalhaes.com.br\/?p=53298"},"modified":"2020-03-26T19:52:24","modified_gmt":"2020-03-26T22:52:24","slug":"prefeito-suspende-o-sao-joao-da-moda-2020-em-santa-cruz-do-capibaribe","status":"publish","type":"post","link":"https:\/\/blogdoedvaldomagalhaes.com.br\/index.php\/2020\/03\/26\/prefeito-suspende-o-sao-joao-da-moda-2020-em-santa-cruz-do-capibaribe\/","title":{"rendered":"Prefeito suspende o S\u00e3o Jo\u00e3o da Moda 2020 em Santa Cruz do Capibaribe"},"content":{"rendered":"<p style=\"text-align: justify;\">Utilizando suas redes sociais (Facebook e Instagram), o prefeito de Santa Cruz do Capibaribe, Edson Vieira (PSDB), comunicou \u00e0 popula\u00e7\u00e3o, atrav\u00e9s de um v\u00eddeo postado no in\u00edcio da tarde desta quinta-feira (26), a suspens\u00e3o do S\u00e3o Jo\u00e3o da Moda 2020. Edson Vieira foi enf\u00e1tico e descreveu a import\u00e2ncia de paralisar o S\u00e3o Jo\u00e3o da Moda 2020.<\/p>\n<p style=\"text-align: justify;\"><br \/>\u201cDepois que tive uma reuni\u00e3o com minha equipe na prefeitura, decidi suspender o S\u00e3o da Moda 2020 de Santa Cruz do Capibaribe. Uma decis\u00e3o dif\u00edcil de ser tomada, mas, acima de tudo, porque compreendemos a situa\u00e7\u00e3o delicada de sa\u00fade p\u00fablica que vive em nosso pa\u00eds, estado e cidade. Espero ter a sensibilidade e a compreens\u00e3o de toda popula\u00e7\u00e3o para que juntos, possamos vencer essa batalha contra o novo coronav\u00edrus\u201d, pontuou o prefeito.<\/p>\n<p style=\"text-align: justify;\"><br \/>Neste mesmo v\u00eddeo, Edson Vieira falou que devido \u00e0 suspens\u00e3o do S\u00e3o Jo\u00e3o deste ano, a administra\u00e7\u00e3o municipal est\u00e1 direcionando todos os seus esfor\u00e7os para tr\u00eas importantes \u00e1reas de atua\u00e7\u00e3o na cidade, sendo elas: Sa\u00fade, Economia e Desenvolvimento Social.<\/p>\n<p style=\"text-align: justify;\"><br \/>Na oportunidade, o prefeito tamb\u00e9m tirou d\u00favidas sobre o decreto de N\u00ba 48.834 do Governo do Estado, onde diz que o funcionamento do com\u00e9rcio em Pernambuco est\u00e1 autorizado, desde que seja atrav\u00e9s de entrega direta nas resid\u00eancias. O gestor explicou que a abertura do com\u00e9rcio direto \u00e0 popula\u00e7\u00e3o est\u00e1 proibido, por\u00e9m, somente os servi\u00e7os de entregas de pedidos que s\u00e3o feitos por telefone ou aplicativos (delivery) est\u00e3o liberados.<\/p>\n<p style=\"text-align: justify;\"><br \/>Outro ponto que o gestor tocou foi sobre o funcionamento de borracharias e oficinas na cidade. Edson Vieira destacou que estes servi\u00e7os est\u00e3o liberados para atendimento ao p\u00fablico, pois s\u00e3o essenciais para atender \u00e0s necessidades b\u00e1sicas da popula\u00e7\u00e3o. Edson Vieira finalizou seu v\u00eddeo pedindo ao povo sensibilidade, compreens\u00e3o e apoio neste momento delicado que passa o Brasil, Pernambuco e Santa Cruz do Capibaribe.\u00a0<\/p>\n\n\n<figure class=\"wp-block-image size-large\"><img loading=\"lazy\" decoding=\"async\" width=\"1024\" height=\"682\" src=\"http:\/\/blogdoedvaldomagalhaes.com.br\/wp-content\/uploads\/2020\/03\/IMG-20200326-WA0341-1024x682.jpg\" alt=\"\" class=\"wp-image-53322\" srcset=\"https:\/\/blogdoedvaldomagalhaes.com.br\/wp-content\/uploads\/2020\/03\/IMG-20200326-WA0341-1024x682.jpg 1024w, https:\/\/blogdoedvaldomagalhaes.com.br\/wp-content\/uploads\/2020\/03\/IMG-20200326-WA0341-300x200.jpg 300w, https:\/\/blogdoedvaldomagalhaes.com.br\/wp-content\/uploads\/2020\/03\/IMG-20200326-WA0341-768x512.jpg 768w, https:\/\/blogdoedvaldomagalhaes.com.br\/wp-content\/uploads\/2020\/03\/IMG-20200326-WA0341.jpg 1280w\" sizes=\"auto, (max-width: 1024px) 100vw, 1024px\" \/><figcaption>Foto: Ascom\/Prefeitura <\/figcaption><\/figure>\n","protected":false},"excerpt":{"rendered":"<p>Utilizando suas redes sociais (Facebook e Instagram), o prefeito de Santa Cruz do Capibaribe, Edson Vieira (PSDB), comunicou \u00e0 popula\u00e7\u00e3o,&hellip;<\/p>\n","protected":false},"author":1,"featured_media":53299,"comment_status":"open","ping_status":"open","sticky":false,"template":"","format":"standard","meta":{"footnotes":""},"categories":[14120],"tags":[16881,17631],"class_list":["post-53298","post","type-post","status-publish","format-standard","has-post-thumbnail","hentry","category-noticias","tag-caruaru-e-regiao","tag-prefeito-suspende-o-sao-joao-da-moda-2020-em-santa-cruz-do-capibaribe"],"_links":{"self":[{"href":"https:\/\/blogdoedvaldomagalhaes.com.br\/index.php\/wp-json\/wp\/v2\/posts\/53298","targetHints":{"allow":["GET"]}}],"collection":[{"href":"https:\/\/blogdoedvaldomagalhaes.com.br\/index.php\/wp-json\/wp\/v2\/posts"}],"about":[{"href":"https:\/\/blogdoedvaldomagalhaes.com.br\/index.php\/wp-json\/wp\/v2\/types\/post"}],"author":[{"embeddable":true,"href":"https:\/\/blogdoedvaldomagalhaes.com.br\/index.php\/wp-json\/wp\/v2\/users\/1"}],"replies":[{"embeddable":true,"href":"https:\/\/blogdoedvaldomagalhaes.com.br\/index.php\/wp-json\/wp\/v2\/comments?post=53298"}],"version-history":[{"count":2,"href":"https:\/\/blogdoedvaldomagalhaes.com.br\/index.php\/wp-json\/wp\/v2\/posts\/53298\/revisions"}],"predecessor-version":[{"id":53323,"href":"https:\/\/blogdoedvaldomagalhaes.com.br\/index.php\/wp-json\/wp\/v2\/posts\/53298\/revisions\/53323"}],"wp:featuredmedia":[{"embeddable":true,"href":"https:\/\/blogdoedvaldomagalhaes.com.br\/index.php\/wp-json\/wp\/v2\/media\/53299"}],"wp:attachment":[{"href":"https:\/\/blogdoedvaldomagalhaes.com.br\/index.php\/wp-json\/wp\/v2\/media?parent=53298"}],"wp:term":[{"taxonomy":"category","embeddable":true,"href":"https:\/\/blogdoedvaldomagalhaes.com.br\/index.php\/wp-json\/wp\/v2\/categories?post=53298"},{"taxonomy":"post_tag","embeddable":true,"href":"https:\/\/blogdoedvaldomagalhaes.com.br\/index.php\/wp-json\/wp\/v2\/tags?post=53298"}],"curies":[{"name":"wp","href":"https:\/\/api.w.org\/{rel}","templated":true}]}}