{"id":53293,"date":"2020-03-26T11:56:43","date_gmt":"2020-03-26T14:56:43","guid":{"rendered":"http:\/\/blogdoedvaldomagalhaes.com.br\/?p=53293"},"modified":"2020-03-26T12:03:59","modified_gmt":"2020-03-26T15:03:59","slug":"confirmadas-tres-mortes-por-coronavirus-em-pernambuco","status":"publish","type":"post","link":"https:\/\/blogdoedvaldomagalhaes.com.br\/index.php\/2020\/03\/26\/confirmadas-tres-mortes-por-coronavirus-em-pernambuco\/","title":{"rendered":"Confirmadas tr\u00eas mortes por coronavirus em Pernambuco"},"content":{"rendered":"<p style=\"text-align: justify;\">A Secretaria Estadual de Sa\u00fade (SES-PE) confirmou, na manh\u00e3 desta quinta-feira (26\/03), mais duas mortes pelo novo coronav\u00edrus no Estado, subindo para tr\u00eas o n\u00famero de \u00f3bitos provocados pelo novo Coronav\u00edrus. Dois pacientes, um morador do Recife e um estrangeiro, que estavam internados no Real Hospital Portugu\u00eas (RHP). Ambos foram notificados no dia 12 de mar\u00e7o.<\/p>\n<p style=\"text-align: justify;\">Entre as mortes, est\u00e1 o canadense de 79 anos, que chegou ao Recife no dia 12 de mar\u00e7o, no navio de cruzeiro Silver Shadow. Durante o desembarque, ele passou mal e o Servi\u00e7o de Atendimento M\u00e9dico de Urg\u00eancia (Samu) Metropolitano do Recife foi acionado. Ao chegar ao local, a equipe m\u00e9dica do Samu verificou que o paciente apresentava febre e sintomas respirat\u00f3rios (tosse e dificuldade de respirar), se encaixando como um caso suspeito para Covid-19. O canadense, ex-tabagista e com problema card\u00edaco, foi encaminhado ao Real Hospital Portugu\u00eas, onde foi entubado e levado \u00e0 UTI.<\/p>\n<p style=\"text-align: justify;\">O paciente foi mantido em ventila\u00e7\u00e3o mec\u00e2nica e hemodi\u00e1lise, fazendo tamb\u00e9m uso de medicamentos como o antiviral oseltamivir (tamiflu), indicado para tratar influenza em pessoas com quadro de S\u00edndrome Respirat\u00f3ria Aguda Grave (Srag). Tamb\u00e9m foi utilizada a combina\u00e7\u00e3o entre azitromicina e hidroxicloroquina. Entretanto, ele faleceu na madrugada desta quinta.<\/p>\n<p style=\"text-align: justify;\">O segundo paciente \u00e9 um homem de 69 anos, morador do Recife, hipertenso e com hist\u00f3rico de viagem para Portugal e It\u00e1lia, tendo retornado ao Estado em 10 de mar\u00e7o. No dia 12, ele foi atendido em uma unidade de sa\u00fade privada, apresentando febre e altera\u00e7\u00e3o na ausculta pulmonar. Ap\u00f3s receber a assist\u00eancia e fazer a coleta de material para an\u00e1lise laboratorial, foi liberado para isolamento domiciliar.<\/p>\n<p style=\"text-align: justify;\">No dia 19, o paciente de 69 anos buscou outra emerg\u00eancia, a do Real Hospital Portugu\u00eas, com dispneia e insufici\u00eancia respirat\u00f3ria. Na ocasi\u00e3o, foi entubado e levado \u00e0 UTI. No dia 21, iniciou di\u00e1lise. Dois dias depois, apesar da gravidade, estava sem febre e sem a necessidade do uso de drogas vasoativas. Na \u00faltima quarta (25), teve uma piora da fun\u00e7\u00e3o renal. Durante a interna\u00e7\u00e3o, utilizou antibi\u00f3tico e tamb\u00e9m a combina\u00e7\u00e3o entre azitromicina e hidroxicloroquina. N\u00e3o tinha indica\u00e7\u00e3o para uso do oseltamivir. Tamb\u00e9m veio a \u00f3bito na madrugada desta quinta.<\/p>\n<p style=\"text-align: justify;\">O primeiro \u00f3bito registrado no Estado foi o de um homem de 85, morador do Recife, que faleceu na manh\u00e3 da \u00faltima quarta (25.03). No dia 19 de mar\u00e7o, ele havia sido atendido em uma Unidade de Pronto Atendimento (UPA), com um quadro de febre, tosse seca, dispneia (dificuldade de respirar) e dor tor\u00e1xica. O paciente recebeu a devida assist\u00eancia na UPA, foi entubado e, em seguida, transferido para a Unidade de Terapia Intensiva (UTI) do Hospital Universit\u00e1rio Oswaldo Cruz (HUOC). L\u00e1, foi iniciado tratamento medicamentoso, com antibi\u00f3tico e o antiviral oseltamivir.<\/p>\n<p style=\"text-align: justify;\">Apesar do idoso apresentar melhora no quadro respirat\u00f3rio e infeccioso, pelo seu hist\u00f3rico de comorbidades, teve uma piora na fun\u00e7\u00e3o renal, sendo necess\u00e1rio iniciar a hemodi\u00e1lise na \u00faltima ter\u00e7a-feira (24), um procedimento considerado de risco para pessoas acima dos 80 anos. Na manh\u00e3 da \u00faltima quarta, durante a sess\u00e3o de di\u00e1lise, o homem teve uma parada cardiorrespirat\u00f3ria. Apesar das tentativas de reanima\u00e7\u00e3o pela equipe m\u00e9dica, o senhor faleceu durante a manh\u00e3.<\/p>\n<p style=\"text-align: justify;\">At\u00e9 a quarta-feira (25), Pernambuco confirmou 46 casos da Covid-19, distribu\u00eddos por seis munic\u00edpios do Estado, al\u00e9m de ocorr\u00eancia em pacientes de outro Estado e pa\u00edses. Um novo boletim ser\u00e1 divulgado na tarde de hoje.<\/p>\n","protected":false},"excerpt":{"rendered":"<p>A Secretaria Estadual de Sa\u00fade (SES-PE) confirmou, na manh\u00e3 desta quinta-feira (26\/03), mais duas mortes pelo novo coronav\u00edrus no Estado,&hellip;<\/p>\n","protected":false},"author":1,"featured_media":53294,"comment_status":"open","ping_status":"open","sticky":false,"template":"","format":"standard","meta":{"footnotes":""},"categories":[14120],"tags":[2,16881,17630],"class_list":["post-53293","post","type-post","status-publish","format-standard","has-post-thumbnail","hentry","category-noticias","tag-blog-do-edvaldo-magalhaes","tag-caruaru-e-regiao","tag-confirmadas-tres-mortes-por-coronavirus-em-pernambuco"],"_links":{"self":[{"href":"https:\/\/blogdoedvaldomagalhaes.com.br\/index.php\/wp-json\/wp\/v2\/posts\/53293","targetHints":{"allow":["GET"]}}],"collection":[{"href":"https:\/\/blogdoedvaldomagalhaes.com.br\/index.php\/wp-json\/wp\/v2\/posts"}],"about":[{"href":"https:\/\/blogdoedvaldomagalhaes.com.br\/index.php\/wp-json\/wp\/v2\/types\/post"}],"author":[{"embeddable":true,"href":"https:\/\/blogdoedvaldomagalhaes.com.br\/index.php\/wp-json\/wp\/v2\/users\/1"}],"replies":[{"embeddable":true,"href":"https:\/\/blogdoedvaldomagalhaes.com.br\/index.php\/wp-json\/wp\/v2\/comments?post=53293"}],"version-history":[{"count":3,"href":"https:\/\/blogdoedvaldomagalhaes.com.br\/index.php\/wp-json\/wp\/v2\/posts\/53293\/revisions"}],"predecessor-version":[{"id":53297,"href":"https:\/\/blogdoedvaldomagalhaes.com.br\/index.php\/wp-json\/wp\/v2\/posts\/53293\/revisions\/53297"}],"wp:featuredmedia":[{"embeddable":true,"href":"https:\/\/blogdoedvaldomagalhaes.com.br\/index.php\/wp-json\/wp\/v2\/media\/53294"}],"wp:attachment":[{"href":"https:\/\/blogdoedvaldomagalhaes.com.br\/index.php\/wp-json\/wp\/v2\/media?parent=53293"}],"wp:term":[{"taxonomy":"category","embeddable":true,"href":"https:\/\/blogdoedvaldomagalhaes.com.br\/index.php\/wp-json\/wp\/v2\/categories?post=53293"},{"taxonomy":"post_tag","embeddable":true,"href":"https:\/\/blogdoedvaldomagalhaes.com.br\/index.php\/wp-json\/wp\/v2\/tags?post=53293"}],"curies":[{"name":"wp","href":"https:\/\/api.w.org\/{rel}","templated":true}]}}