{"id":53289,"date":"2020-03-25T23:50:31","date_gmt":"2020-03-26T02:50:31","guid":{"rendered":"http:\/\/blogdoedvaldomagalhaes.com.br\/?p=53289"},"modified":"2020-03-25T23:50:32","modified_gmt":"2020-03-26T02:50:32","slug":"fique-em-casa","status":"publish","type":"post","link":"https:\/\/blogdoedvaldomagalhaes.com.br\/index.php\/2020\/03\/25\/fique-em-casa\/","title":{"rendered":"Fique em Casa!"},"content":{"rendered":"<div style=\"text-align: justify;\">Uma mensagem de apelo e carinho de todos os profissionais da \u00e1rea de sa\u00fade que est\u00e3o na luta di\u00e1ria contra o #coronav\u00edrus. Fica em casa! <img decoding=\"async\" class=\"CToWUd\" src=\"https:\/\/mail.google.com\/mail\/e\/1f637\" alt=\"\ud83d\ude37\" data-goomoji=\"1f637\" data-image-whitelisted=\"\" \/><img decoding=\"async\" class=\"CToWUd\" src=\"https:\/\/mail.google.com\/mail\/e\/1f49a\" alt=\"\ud83d\udc9a\" data-goomoji=\"1f49a\" data-image-whitelisted=\"\" \/><\/div>\n<p style=\"text-align: justify;\">#FiqueEmCasa<br \/>#PrefeituraDeCaruaru<\/p>\n\n\n<iframe loading=\"lazy\" src=\"https:\/\/www.facebook.com\/plugins\/video.php?href=https%3A%2F%2Fwww.facebook.com%2Fblogdoedvaldomagalhaes%2Fvideos%2F233728624686086%2F&#038;show_text=1&#038;width=560\" width=\"560\" height=\"470\" style=\"border:none;overflow:hidden\" scrolling=\"no\" frameborder=\"0\" allowTransparency=\"true\" allow=\"encrypted-media\" allowFullScreen=\"true\"><\/iframe>\n","protected":false},"excerpt":{"rendered":"<p>Uma mensagem de apelo e carinho de todos os profissionais da \u00e1rea de sa\u00fade que est\u00e3o na luta di\u00e1ria contra&hellip;<\/p>\n","protected":false},"author":1,"featured_media":53291,"comment_status":"open","ping_status":"open","sticky":false,"template":"","format":"standard","meta":{"footnotes":""},"categories":[14120],"tags":[2,17558,17629,141],"class_list":["post-53289","post","type-post","status-publish","format-standard","has-post-thumbnail","hentry","category-noticias","tag-blog-do-edvaldo-magalhaes","tag-corona-virus","tag-fique-em-casa","tag-prefeitura-de-caruaru"],"_links":{"self":[{"href":"https:\/\/blogdoedvaldomagalhaes.com.br\/index.php\/wp-json\/wp\/v2\/posts\/53289","targetHints":{"allow":["GET"]}}],"collection":[{"href":"https:\/\/blogdoedvaldomagalhaes.com.br\/index.php\/wp-json\/wp\/v2\/posts"}],"about":[{"href":"https:\/\/blogdoedvaldomagalhaes.com.br\/index.php\/wp-json\/wp\/v2\/types\/post"}],"author":[{"embeddable":true,"href":"https:\/\/blogdoedvaldomagalhaes.com.br\/index.php\/wp-json\/wp\/v2\/users\/1"}],"replies":[{"embeddable":true,"href":"https:\/\/blogdoedvaldomagalhaes.com.br\/index.php\/wp-json\/wp\/v2\/comments?post=53289"}],"version-history":[{"count":1,"href":"https:\/\/blogdoedvaldomagalhaes.com.br\/index.php\/wp-json\/wp\/v2\/posts\/53289\/revisions"}],"predecessor-version":[{"id":53292,"href":"https:\/\/blogdoedvaldomagalhaes.com.br\/index.php\/wp-json\/wp\/v2\/posts\/53289\/revisions\/53292"}],"wp:featuredmedia":[{"embeddable":true,"href":"https:\/\/blogdoedvaldomagalhaes.com.br\/index.php\/wp-json\/wp\/v2\/media\/53291"}],"wp:attachment":[{"href":"https:\/\/blogdoedvaldomagalhaes.com.br\/index.php\/wp-json\/wp\/v2\/media?parent=53289"}],"wp:term":[{"taxonomy":"category","embeddable":true,"href":"https:\/\/blogdoedvaldomagalhaes.com.br\/index.php\/wp-json\/wp\/v2\/categories?post=53289"},{"taxonomy":"post_tag","embeddable":true,"href":"https:\/\/blogdoedvaldomagalhaes.com.br\/index.php\/wp-json\/wp\/v2\/tags?post=53289"}],"curies":[{"name":"wp","href":"https:\/\/api.w.org\/{rel}","templated":true}]}}