{"id":53283,"date":"2020-03-25T19:11:54","date_gmt":"2020-03-25T22:11:54","guid":{"rendered":"http:\/\/blogdoedvaldomagalhaes.com.br\/?p=53283"},"modified":"2020-03-25T19:15:40","modified_gmt":"2020-03-25T22:15:40","slug":"tony-gel-destina-mais-de-1-milhao-de-reais-de-emendas-para-combate-ao-coronavirus-em-pernambuco","status":"publish","type":"post","link":"https:\/\/blogdoedvaldomagalhaes.com.br\/index.php\/2020\/03\/25\/tony-gel-destina-mais-de-1-milhao-de-reais-de-emendas-para-combate-ao-coronavirus-em-pernambuco\/","title":{"rendered":"Tony Gel destina mais de 1 milh\u00e3o de reais de emendas para combate ao coronav\u00edrus em Pernambuco"},"content":{"rendered":"<p style=\"text-align: justify;\">O deputado estadual Tony Gel (MDB) remanejou, nesta quarta-feira (25), 1 milh\u00e3o e 350 mil reais de suas emendas parlamentares para a \u00e1rea da sa\u00fade em Caruaru e outras cidades do Agreste. Foram destinados 800 mil reais para a Secretaria de Sa\u00fade do Estado comprar respiradores para os hospitais de Caruaru, que atender\u00e3o as pessoas acometidas pelo Covid-19, no Agreste.\u00a0<\/p>\n<p style=\"text-align: justify;\">De acordo com o parlamentar, os outros 550 mil reais ser\u00e3o para as prefeituras comprarem equipamentos de prote\u00e7\u00e3o e medicamentos que ser\u00e3o utilizados contra o coronav\u00edrus.<\/p>\n<p style=\"text-align: justify;\">A primeira morte por coronav\u00edrus foi confirmada em Pernambuco. O paciente estava internado no Hospital Oswaldo Cruz, no Recife. J\u00e1 s\u00e3o 46 pacientes infectados com a doen\u00e7a no Estado. No Brasil as mortes chegam a 57 e s\u00e3o 2.433 casos confirmados no Pa\u00eds.<\/p>\n\n\n<figure class=\"wp-block-image size-large\"><img loading=\"lazy\" decoding=\"async\" width=\"1024\" height=\"768\" src=\"http:\/\/blogdoedvaldomagalhaes.com.br\/wp-content\/uploads\/2020\/03\/Tony-Gel-3-1024x768.jpg\" alt=\"\" class=\"wp-image-53287\" srcset=\"https:\/\/blogdoedvaldomagalhaes.com.br\/wp-content\/uploads\/2020\/03\/Tony-Gel-3-1024x768.jpg 1024w, https:\/\/blogdoedvaldomagalhaes.com.br\/wp-content\/uploads\/2020\/03\/Tony-Gel-3-300x225.jpg 300w, https:\/\/blogdoedvaldomagalhaes.com.br\/wp-content\/uploads\/2020\/03\/Tony-Gel-3-768x576.jpg 768w, https:\/\/blogdoedvaldomagalhaes.com.br\/wp-content\/uploads\/2020\/03\/Tony-Gel-3-160x120.jpg 160w, https:\/\/blogdoedvaldomagalhaes.com.br\/wp-content\/uploads\/2020\/03\/Tony-Gel-3.jpg 1080w\" sizes=\"auto, (max-width: 1024px) 100vw, 1024px\" \/><\/figure>\n","protected":false},"excerpt":{"rendered":"<p>O deputado estadual Tony Gel (MDB) remanejou, nesta quarta-feira (25), 1 milh\u00e3o e 350 mil reais de suas emendas parlamentares&hellip;<\/p>\n","protected":false},"author":1,"featured_media":53286,"comment_status":"open","ping_status":"open","sticky":false,"template":"","format":"standard","meta":{"footnotes":""},"categories":[14122],"tags":[2,16881,17628],"class_list":["post-53283","post","type-post","status-publish","format-standard","has-post-thumbnail","hentry","category-politica","tag-blog-do-edvaldo-magalhaes","tag-caruaru-e-regiao","tag-tony-gel-destina-mais-de-1-milhao-de-reais-de-emendas-para-combate-ao-coronavirus-em-pernambuco"],"_links":{"self":[{"href":"https:\/\/blogdoedvaldomagalhaes.com.br\/index.php\/wp-json\/wp\/v2\/posts\/53283","targetHints":{"allow":["GET"]}}],"collection":[{"href":"https:\/\/blogdoedvaldomagalhaes.com.br\/index.php\/wp-json\/wp\/v2\/posts"}],"about":[{"href":"https:\/\/blogdoedvaldomagalhaes.com.br\/index.php\/wp-json\/wp\/v2\/types\/post"}],"author":[{"embeddable":true,"href":"https:\/\/blogdoedvaldomagalhaes.com.br\/index.php\/wp-json\/wp\/v2\/users\/1"}],"replies":[{"embeddable":true,"href":"https:\/\/blogdoedvaldomagalhaes.com.br\/index.php\/wp-json\/wp\/v2\/comments?post=53283"}],"version-history":[{"count":3,"href":"https:\/\/blogdoedvaldomagalhaes.com.br\/index.php\/wp-json\/wp\/v2\/posts\/53283\/revisions"}],"predecessor-version":[{"id":53288,"href":"https:\/\/blogdoedvaldomagalhaes.com.br\/index.php\/wp-json\/wp\/v2\/posts\/53283\/revisions\/53288"}],"wp:featuredmedia":[{"embeddable":true,"href":"https:\/\/blogdoedvaldomagalhaes.com.br\/index.php\/wp-json\/wp\/v2\/media\/53286"}],"wp:attachment":[{"href":"https:\/\/blogdoedvaldomagalhaes.com.br\/index.php\/wp-json\/wp\/v2\/media?parent=53283"}],"wp:term":[{"taxonomy":"category","embeddable":true,"href":"https:\/\/blogdoedvaldomagalhaes.com.br\/index.php\/wp-json\/wp\/v2\/categories?post=53283"},{"taxonomy":"post_tag","embeddable":true,"href":"https:\/\/blogdoedvaldomagalhaes.com.br\/index.php\/wp-json\/wp\/v2\/tags?post=53283"}],"curies":[{"name":"wp","href":"https:\/\/api.w.org\/{rel}","templated":true}]}}