{"id":53275,"date":"2020-03-25T18:54:20","date_gmt":"2020-03-25T21:54:20","guid":{"rendered":"http:\/\/blogdoedvaldomagalhaes.com.br\/?p=53275"},"modified":"2020-03-25T19:03:27","modified_gmt":"2020-03-25T22:03:27","slug":"mais-de-20-mil-pessoas-vacinadas-em-tres-dias-de-campanha-em-caruaru","status":"publish","type":"post","link":"https:\/\/blogdoedvaldomagalhaes.com.br\/index.php\/2020\/03\/25\/mais-de-20-mil-pessoas-vacinadas-em-tres-dias-de-campanha-em-caruaru\/","title":{"rendered":"Mais de 20 mil pessoas vacinadas em tr\u00eas dias de campanha em Caruaru"},"content":{"rendered":"<p style=\"text-align: justify;\"><span style=\"font-size: inherit;\">O movimento foi intenso durante todo o dia nos pontos de vacina\u00e7\u00e3o contra a gripe, em Caruaru. De acordo com a Secretaria de Sa\u00fade do Munic\u00edpio, mais de 20 mil doses da vacinas foram disponibilizadas pelo Minist\u00e9rio da Sa\u00fade, inicialmente. Por\u00e9m, devido a grande ades\u00e3o da popula\u00e7\u00e3o, o estoque foi finalizado nesta quarta-feira (25).<\/span><\/p>\n<p style=\"text-align: justify;\">Uma nova remessa deve chegar nos pr\u00f3ximos dias e as unidades devem ser reabastecidas, bem como o drive-thru no Caruaru Shopping e Polo Caruaru.<\/p>\n<p style=\"text-align: justify;\">\u201cComo forma de prote\u00e7\u00e3o, orientamos os idosos a n\u00e3o buscar as unidades b\u00e1sicas de sa\u00fade at\u00e9 nova divulga\u00e7\u00e3o do reabastecimento das unidades ou drive-thru\u201d, explicou a coordenadora do Programa Nacional de Imuniza\u00e7\u00e3o, Sarah Rafael, que tamb\u00e9m comemorou o resultado das estrat\u00e9gias utilizadas para a vacina\u00e7\u00e3o, de forma r\u00e1pida e sem exposi\u00e7\u00e3o dos idosos.<\/p>\n<p style=\"text-align: justify;\">A vacina contra gripe faz parte de uma Campanha Nacional iniciada no \u00faltimo dia 23, que tem como p\u00fablico-alvo idosos acima de 60 anos e profissionais de sa\u00fade. A campanha segue at\u00e9 o dia 15 de abril.<\/p>\n\n\n<figure class=\"wp-block-image size-large\"><img loading=\"lazy\" decoding=\"async\" width=\"1024\" height=\"682\" src=\"http:\/\/blogdoedvaldomagalhaes.com.br\/wp-content\/uploads\/2020\/03\/IMG-20200325-WA0344-1024x682.jpg\" alt=\"\" class=\"wp-image-53277\" srcset=\"https:\/\/blogdoedvaldomagalhaes.com.br\/wp-content\/uploads\/2020\/03\/IMG-20200325-WA0344-1024x682.jpg 1024w, https:\/\/blogdoedvaldomagalhaes.com.br\/wp-content\/uploads\/2020\/03\/IMG-20200325-WA0344-300x200.jpg 300w, https:\/\/blogdoedvaldomagalhaes.com.br\/wp-content\/uploads\/2020\/03\/IMG-20200325-WA0344-768x512.jpg 768w, https:\/\/blogdoedvaldomagalhaes.com.br\/wp-content\/uploads\/2020\/03\/IMG-20200325-WA0344.jpg 1280w\" sizes=\"auto, (max-width: 1024px) 100vw, 1024px\" \/><figcaption>Cr\u00e9ditos: Jana\u00edna Pepeu<\/figcaption><\/figure>\n","protected":false},"excerpt":{"rendered":"<p>O movimento foi intenso durante todo o dia nos pontos de vacina\u00e7\u00e3o contra a gripe, em Caruaru. De acordo com&hellip;<\/p>\n","protected":false},"author":1,"featured_media":53276,"comment_status":"open","ping_status":"open","sticky":false,"template":"","format":"standard","meta":{"footnotes":""},"categories":[14120],"tags":[16881,17627],"class_list":["post-53275","post","type-post","status-publish","format-standard","has-post-thumbnail","hentry","category-noticias","tag-caruaru-e-regiao","tag-mais-de-20-mil-pessoas-vacinadas-em-tres-dias-de-campanha-em-caruaru"],"_links":{"self":[{"href":"https:\/\/blogdoedvaldomagalhaes.com.br\/index.php\/wp-json\/wp\/v2\/posts\/53275","targetHints":{"allow":["GET"]}}],"collection":[{"href":"https:\/\/blogdoedvaldomagalhaes.com.br\/index.php\/wp-json\/wp\/v2\/posts"}],"about":[{"href":"https:\/\/blogdoedvaldomagalhaes.com.br\/index.php\/wp-json\/wp\/v2\/types\/post"}],"author":[{"embeddable":true,"href":"https:\/\/blogdoedvaldomagalhaes.com.br\/index.php\/wp-json\/wp\/v2\/users\/1"}],"replies":[{"embeddable":true,"href":"https:\/\/blogdoedvaldomagalhaes.com.br\/index.php\/wp-json\/wp\/v2\/comments?post=53275"}],"version-history":[{"count":2,"href":"https:\/\/blogdoedvaldomagalhaes.com.br\/index.php\/wp-json\/wp\/v2\/posts\/53275\/revisions"}],"predecessor-version":[{"id":53280,"href":"https:\/\/blogdoedvaldomagalhaes.com.br\/index.php\/wp-json\/wp\/v2\/posts\/53275\/revisions\/53280"}],"wp:featuredmedia":[{"embeddable":true,"href":"https:\/\/blogdoedvaldomagalhaes.com.br\/index.php\/wp-json\/wp\/v2\/media\/53276"}],"wp:attachment":[{"href":"https:\/\/blogdoedvaldomagalhaes.com.br\/index.php\/wp-json\/wp\/v2\/media?parent=53275"}],"wp:term":[{"taxonomy":"category","embeddable":true,"href":"https:\/\/blogdoedvaldomagalhaes.com.br\/index.php\/wp-json\/wp\/v2\/categories?post=53275"},{"taxonomy":"post_tag","embeddable":true,"href":"https:\/\/blogdoedvaldomagalhaes.com.br\/index.php\/wp-json\/wp\/v2\/tags?post=53275"}],"curies":[{"name":"wp","href":"https:\/\/api.w.org\/{rel}","templated":true}]}}