{"id":53270,"date":"2020-03-25T15:26:05","date_gmt":"2020-03-25T18:26:05","guid":{"rendered":"http:\/\/blogdoedvaldomagalhaes.com.br\/?p=53270"},"modified":"2020-03-25T16:06:01","modified_gmt":"2020-03-25T19:06:01","slug":"primeira-morte-pelo-novo-coronavirus-em-pernambuco","status":"publish","type":"post","link":"https:\/\/blogdoedvaldomagalhaes.com.br\/index.php\/2020\/03\/25\/primeira-morte-pelo-novo-coronavirus-em-pernambuco\/","title":{"rendered":"Primeira morte pelo novo coronav\u00edrus em Pernambuco"},"content":{"rendered":"<p style=\"text-align: justify;\">Pernambuco confirmou h\u00e1 pouco a primeira morte pelo novo coronav\u00edrus. A v\u00edtima \u00e9 um idoso de 85 anos, que estava internado no Hospital Universit\u00e1rio Oswaldo Cruz. O paciente, morador do Recife, tinha hist\u00f3rico de diabetes, hipertens\u00e3o e cardiopatia.<\/p>\n<p style=\"text-align: justify;\">Nas \u00faltimas 24 horas, Pernambuco confirmou mais quatro casos da Covid-19, passando para 46 confirma\u00e7\u00f5es, distribu\u00eddas por seis munic\u00edpios pernambucanos, al\u00e9m de ocorr\u00eancia em pacientes de outro estado (um caso) e pa\u00edses (tr\u00eas casos). Do total de casos confirmados, 10 est\u00e3o hospitalizados, sendo sete em hospitais da rede privada e um na rede p\u00fablica. Al\u00e9m desses, 30 pacientes cumprem isolamento domiciliar e cinco casos s\u00e3o considerados curados.<\/p>\n<p style=\"text-align: justify;\">A morte do idoso \u00e9 a 49\u00aa confirmada no Pa\u00eds, sendo a primeira no Nordeste. At\u00e9 o momento, s\u00e3o 40 mortes em S\u00e3o Paulo, 6 no Rio de Janeiro, 1 no Amazonas e 1 no Rio Grande do Sul.<\/p>\n","protected":false},"excerpt":{"rendered":"<p>Pernambuco confirmou h\u00e1 pouco a primeira morte pelo novo coronav\u00edrus. A v\u00edtima \u00e9 um idoso de 85 anos, que estava&hellip;<\/p>\n","protected":false},"author":1,"featured_media":53271,"comment_status":"open","ping_status":"open","sticky":false,"template":"","format":"standard","meta":{"footnotes":""},"categories":[14120],"tags":[2,16881,17626],"class_list":["post-53270","post","type-post","status-publish","format-standard","has-post-thumbnail","hentry","category-noticias","tag-blog-do-edvaldo-magalhaes","tag-caruaru-e-regiao","tag-primeira-morte-pelo-novo-coronavirus-em-pernambuco"],"_links":{"self":[{"href":"https:\/\/blogdoedvaldomagalhaes.com.br\/index.php\/wp-json\/wp\/v2\/posts\/53270","targetHints":{"allow":["GET"]}}],"collection":[{"href":"https:\/\/blogdoedvaldomagalhaes.com.br\/index.php\/wp-json\/wp\/v2\/posts"}],"about":[{"href":"https:\/\/blogdoedvaldomagalhaes.com.br\/index.php\/wp-json\/wp\/v2\/types\/post"}],"author":[{"embeddable":true,"href":"https:\/\/blogdoedvaldomagalhaes.com.br\/index.php\/wp-json\/wp\/v2\/users\/1"}],"replies":[{"embeddable":true,"href":"https:\/\/blogdoedvaldomagalhaes.com.br\/index.php\/wp-json\/wp\/v2\/comments?post=53270"}],"version-history":[{"count":3,"href":"https:\/\/blogdoedvaldomagalhaes.com.br\/index.php\/wp-json\/wp\/v2\/posts\/53270\/revisions"}],"predecessor-version":[{"id":53274,"href":"https:\/\/blogdoedvaldomagalhaes.com.br\/index.php\/wp-json\/wp\/v2\/posts\/53270\/revisions\/53274"}],"wp:featuredmedia":[{"embeddable":true,"href":"https:\/\/blogdoedvaldomagalhaes.com.br\/index.php\/wp-json\/wp\/v2\/media\/53271"}],"wp:attachment":[{"href":"https:\/\/blogdoedvaldomagalhaes.com.br\/index.php\/wp-json\/wp\/v2\/media?parent=53270"}],"wp:term":[{"taxonomy":"category","embeddable":true,"href":"https:\/\/blogdoedvaldomagalhaes.com.br\/index.php\/wp-json\/wp\/v2\/categories?post=53270"},{"taxonomy":"post_tag","embeddable":true,"href":"https:\/\/blogdoedvaldomagalhaes.com.br\/index.php\/wp-json\/wp\/v2\/tags?post=53270"}],"curies":[{"name":"wp","href":"https:\/\/api.w.org\/{rel}","templated":true}]}}