{"id":53265,"date":"2020-03-25T15:04:16","date_gmt":"2020-03-25T18:04:16","guid":{"rendered":"http:\/\/blogdoedvaldomagalhaes.com.br\/?p=53265"},"modified":"2020-03-25T15:04:22","modified_gmt":"2020-03-25T18:04:22","slug":"frota-de-onibus-sera-reduzida-em-caruaru-nesta-quinta-feira-26","status":"publish","type":"post","link":"https:\/\/blogdoedvaldomagalhaes.com.br\/index.php\/2020\/03\/25\/frota-de-onibus-sera-reduzida-em-caruaru-nesta-quinta-feira-26\/","title":{"rendered":"Frota de \u00f4nibus ser\u00e1 reduzida em Caruaru nesta quinta-feira (26)"},"content":{"rendered":"<p style=\"text-align: justify;\"><span style=\"font-size: inherit;\">A medidas de combate e preven\u00e7\u00e3o a propaga\u00e7\u00e3o do novo coronav\u00edrus (Covid-19), como fechamento do com\u00e9rcio, shoppings e institui\u00e7\u00f5es de ensino, impactaram diretamente a quantidade de passageiros transportados pelas empresas de \u00f4nibus que fazem parte da Associa\u00e7\u00e3o das Empresas de Transporte P\u00fablico de Caruaru ( AETPC), provocando a necessidade de redu\u00e7\u00e3o de frota nas linhas de \u00f4nibus, que foi atendido pela Autarquia Municipal de Defesa Social Tr\u00e2nsito e Transporte (Destra).<\/span><\/p>\n<p style=\"text-align: justify;\">Por conta da queda de 80% de demanda nas linhas de \u00f4nibus, as empresas concession\u00e1rias passar\u00e3o a operar com frota m\u00ednima em 20%. A medida visa ajustar a opera\u00e7\u00e3o de acordo com demanda efetiva dos passageiros mas garantindo o transporte coletivo a todos que precisam utilizar os servi\u00e7os.<\/p>\n<p style=\"text-align: justify;\">De acordo com o diretor instrucional da AETPC, Ricardo Henrique, mesmo diante das dificuldades de opera\u00e7\u00e3o que as empresas vem enfrentando, o servi\u00e7o continuar\u00e1 sendo prestado garantindo assim o direito de ir e vir de quem precisa do sistema de transporte p\u00fablico neste momento t\u00e3o delicado. \u201cEntendemos que o nosso setor \u00e9 fundamental para que outros servi\u00e7os essenciais possam continuar funcionando. Mas o momento exige um ajuste na opera\u00e7\u00e3o para que possamos funcionar de acordo com a demanda atual\u201d, disse.<\/p>\n<p style=\"text-align: justify;\">A opera\u00e7\u00e3o ser\u00e1 monitorada diariamente pelo Comit\u00ea de Crise da Municipal podendo ser revogada ou alterada, conforme necessidade de ajuste de demanda.<\/p>\n\n\n<figure class=\"wp-block-image size-large\"><img loading=\"lazy\" decoding=\"async\" width=\"726\" height=\"914\" src=\"http:\/\/blogdoedvaldomagalhaes.com.br\/wp-content\/uploads\/2020\/03\/IMG-20200325-WA0252.jpg\" alt=\"\" class=\"wp-image-53267\" srcset=\"https:\/\/blogdoedvaldomagalhaes.com.br\/wp-content\/uploads\/2020\/03\/IMG-20200325-WA0252.jpg 726w, https:\/\/blogdoedvaldomagalhaes.com.br\/wp-content\/uploads\/2020\/03\/IMG-20200325-WA0252-238x300.jpg 238w\" sizes=\"auto, (max-width: 726px) 100vw, 726px\" \/><\/figure>\n","protected":false},"excerpt":{"rendered":"<p>A medidas de combate e preven\u00e7\u00e3o a propaga\u00e7\u00e3o do novo coronav\u00edrus (Covid-19), como fechamento do com\u00e9rcio, shoppings e institui\u00e7\u00f5es de&hellip;<\/p>\n","protected":false},"author":1,"featured_media":53266,"comment_status":"open","ping_status":"open","sticky":false,"template":"","format":"standard","meta":{"footnotes":""},"categories":[14120],"tags":[2,16881,17625],"class_list":["post-53265","post","type-post","status-publish","format-standard","has-post-thumbnail","hentry","category-noticias","tag-blog-do-edvaldo-magalhaes","tag-caruaru-e-regiao","tag-frota-de-onibus-sera-reduzida-em-caruaru-nesta-quinta-feira-26"],"_links":{"self":[{"href":"https:\/\/blogdoedvaldomagalhaes.com.br\/index.php\/wp-json\/wp\/v2\/posts\/53265","targetHints":{"allow":["GET"]}}],"collection":[{"href":"https:\/\/blogdoedvaldomagalhaes.com.br\/index.php\/wp-json\/wp\/v2\/posts"}],"about":[{"href":"https:\/\/blogdoedvaldomagalhaes.com.br\/index.php\/wp-json\/wp\/v2\/types\/post"}],"author":[{"embeddable":true,"href":"https:\/\/blogdoedvaldomagalhaes.com.br\/index.php\/wp-json\/wp\/v2\/users\/1"}],"replies":[{"embeddable":true,"href":"https:\/\/blogdoedvaldomagalhaes.com.br\/index.php\/wp-json\/wp\/v2\/comments?post=53265"}],"version-history":[{"count":1,"href":"https:\/\/blogdoedvaldomagalhaes.com.br\/index.php\/wp-json\/wp\/v2\/posts\/53265\/revisions"}],"predecessor-version":[{"id":53268,"href":"https:\/\/blogdoedvaldomagalhaes.com.br\/index.php\/wp-json\/wp\/v2\/posts\/53265\/revisions\/53268"}],"wp:featuredmedia":[{"embeddable":true,"href":"https:\/\/blogdoedvaldomagalhaes.com.br\/index.php\/wp-json\/wp\/v2\/media\/53266"}],"wp:attachment":[{"href":"https:\/\/blogdoedvaldomagalhaes.com.br\/index.php\/wp-json\/wp\/v2\/media?parent=53265"}],"wp:term":[{"taxonomy":"category","embeddable":true,"href":"https:\/\/blogdoedvaldomagalhaes.com.br\/index.php\/wp-json\/wp\/v2\/categories?post=53265"},{"taxonomy":"post_tag","embeddable":true,"href":"https:\/\/blogdoedvaldomagalhaes.com.br\/index.php\/wp-json\/wp\/v2\/tags?post=53265"}],"curies":[{"name":"wp","href":"https:\/\/api.w.org\/{rel}","templated":true}]}}