{"id":53262,"date":"2020-03-25T14:19:35","date_gmt":"2020-03-25T17:19:35","guid":{"rendered":"http:\/\/blogdoedvaldomagalhaes.com.br\/?p=53262"},"modified":"2020-03-25T14:23:34","modified_gmt":"2020-03-25T17:23:34","slug":"riacho-das-almas-desenvolve-acao-de-limpeza-para-prevencao-do-covid-19","status":"publish","type":"post","link":"https:\/\/blogdoedvaldomagalhaes.com.br\/index.php\/2020\/03\/25\/riacho-das-almas-desenvolve-acao-de-limpeza-para-prevencao-do-covid-19\/","title":{"rendered":"Riacho das Almas desenvolve a\u00e7\u00e3o de limpeza para preven\u00e7\u00e3o do Covid-19"},"content":{"rendered":"<p style=\"text-align: justify;\"><span style=\"font-size: inherit;\">A Prefeitura de Riacho das Almas atrav\u00e9s da Secretaria de Sa\u00fade deu in\u00edcio hoje a mais uma a\u00e7\u00e3o de preven\u00e7\u00e3o ao coronav\u00edrus no munic\u00edpio. Profissionais est\u00e3o realizando a limpeza dos pneus dos ve\u00edculos que circulam pela regi\u00e3o, e passam pelo centro da cidade.<\/span><\/p>\n<p style=\"text-align: justify;\">A limpeza est\u00e1 sendo feita com uma solu\u00e7\u00e3o \u00e0 base de \u00e1gua e cloro, e tem como objetivo higienizar essas superf\u00edcies e evitar a transmiss\u00e3o do coronav\u00edrus. \u201cComo esses carros e motos circulam por diversas cidades da regi\u00e3o, estamos fazendo esse trabalho para evitar um poss\u00edvel cont\u00e1gio por coronav\u00edrus em nosso munic\u00edpio. Ressaltamos a import\u00e2ncia de a popula\u00e7\u00e3o riachense permanecer em casa e evitar aglomera\u00e7\u00f5es\u201d, afirmou o prefeito M\u00e1rio Mota.<\/p>\n","protected":false},"excerpt":{"rendered":"<p>A Prefeitura de Riacho das Almas atrav\u00e9s da Secretaria de Sa\u00fade deu in\u00edcio hoje a mais uma a\u00e7\u00e3o de preven\u00e7\u00e3o&hellip;<\/p>\n","protected":false},"author":1,"featured_media":53263,"comment_status":"open","ping_status":"open","sticky":false,"template":"","format":"standard","meta":{"footnotes":""},"categories":[14120],"tags":[2,16881,17624],"class_list":["post-53262","post","type-post","status-publish","format-standard","has-post-thumbnail","hentry","category-noticias","tag-blog-do-edvaldo-magalhaes","tag-caruaru-e-regiao","tag-riacho-das-almas-desenvolve-acao-de-limpeza-para-prevencao-do-covid-19"],"_links":{"self":[{"href":"https:\/\/blogdoedvaldomagalhaes.com.br\/index.php\/wp-json\/wp\/v2\/posts\/53262","targetHints":{"allow":["GET"]}}],"collection":[{"href":"https:\/\/blogdoedvaldomagalhaes.com.br\/index.php\/wp-json\/wp\/v2\/posts"}],"about":[{"href":"https:\/\/blogdoedvaldomagalhaes.com.br\/index.php\/wp-json\/wp\/v2\/types\/post"}],"author":[{"embeddable":true,"href":"https:\/\/blogdoedvaldomagalhaes.com.br\/index.php\/wp-json\/wp\/v2\/users\/1"}],"replies":[{"embeddable":true,"href":"https:\/\/blogdoedvaldomagalhaes.com.br\/index.php\/wp-json\/wp\/v2\/comments?post=53262"}],"version-history":[{"count":1,"href":"https:\/\/blogdoedvaldomagalhaes.com.br\/index.php\/wp-json\/wp\/v2\/posts\/53262\/revisions"}],"predecessor-version":[{"id":53264,"href":"https:\/\/blogdoedvaldomagalhaes.com.br\/index.php\/wp-json\/wp\/v2\/posts\/53262\/revisions\/53264"}],"wp:featuredmedia":[{"embeddable":true,"href":"https:\/\/blogdoedvaldomagalhaes.com.br\/index.php\/wp-json\/wp\/v2\/media\/53263"}],"wp:attachment":[{"href":"https:\/\/blogdoedvaldomagalhaes.com.br\/index.php\/wp-json\/wp\/v2\/media?parent=53262"}],"wp:term":[{"taxonomy":"category","embeddable":true,"href":"https:\/\/blogdoedvaldomagalhaes.com.br\/index.php\/wp-json\/wp\/v2\/categories?post=53262"},{"taxonomy":"post_tag","embeddable":true,"href":"https:\/\/blogdoedvaldomagalhaes.com.br\/index.php\/wp-json\/wp\/v2\/tags?post=53262"}],"curies":[{"name":"wp","href":"https:\/\/api.w.org\/{rel}","templated":true}]}}