{"id":53259,"date":"2020-03-25T14:10:02","date_gmt":"2020-03-25T17:10:02","guid":{"rendered":"http:\/\/blogdoedvaldomagalhaes.com.br\/?p=53259"},"modified":"2020-03-25T14:10:07","modified_gmt":"2020-03-25T17:10:07","slug":"animais-de-rua-de-caruaru-contam-com-campanha-solidaria-para-continuarem-se-alimentando","status":"publish","type":"post","link":"https:\/\/blogdoedvaldomagalhaes.com.br\/index.php\/2020\/03\/25\/animais-de-rua-de-caruaru-contam-com-campanha-solidaria-para-continuarem-se-alimentando\/","title":{"rendered":"Animais de rua de Caruaru contam com campanha solid\u00e1ria para continuarem se alimentando"},"content":{"rendered":"<p style=\"text-align: justify;\"><span style=\"font-size: inherit;\">Preocupados com a situa\u00e7\u00e3o de animais que est\u00e3o em situa\u00e7\u00e3o de rua e contam com a sensibilidade da sociedade para se alimentarem os membros do Instituto Quatro Patas lan\u00e7aram a campanha: \u201cMEU AMIGO DA RUA\u201d.<\/span><\/p>\n<p style=\"text-align: justify;\">A campanha tem por objetivo chamar a aten\u00e7\u00e3o das pessoas, para que n\u00e3o esque\u00e7am desses animais, que fazem de espa\u00e7os p\u00fablicos seus lares e\u00a0coloquem\u00a0perto de suas resid\u00eancias e nessas col\u00f4nias, comida e \u00e1gua.<\/p>\n<p style=\"text-align: justify;\">\u00c9 importante lembrar as pessoas, que a \u00fanica forma confirmada de cont\u00e1gio do v\u00edrus \u00e9 entre humanos. Segundo a m\u00e9dica veterin\u00e1ria e professora da PUC-PR, Kung Darh Chi, os animais, tanto dom\u00e9sticos quanto silvestres, n\u00e3o s\u00e3o hospedeiros do v\u00edrus, assim como n\u00e3o s\u00e3o transmissores do\u00a0COVID-19. Por esse motivo n\u00e3o abandonem seus animais!<\/p>\n","protected":false},"excerpt":{"rendered":"<p>Preocupados com a situa\u00e7\u00e3o de animais que est\u00e3o em situa\u00e7\u00e3o de rua e contam com a sensibilidade da sociedade para&hellip;<\/p>\n","protected":false},"author":1,"featured_media":53260,"comment_status":"open","ping_status":"open","sticky":false,"template":"","format":"standard","meta":{"footnotes":""},"categories":[14120],"tags":[17623,2,16881],"class_list":["post-53259","post","type-post","status-publish","format-standard","has-post-thumbnail","hentry","category-noticias","tag-animais-de-rua-de-caruaru-contam-com-campanha-solidaria-para-continuarem-se-alimentando","tag-blog-do-edvaldo-magalhaes","tag-caruaru-e-regiao"],"_links":{"self":[{"href":"https:\/\/blogdoedvaldomagalhaes.com.br\/index.php\/wp-json\/wp\/v2\/posts\/53259","targetHints":{"allow":["GET"]}}],"collection":[{"href":"https:\/\/blogdoedvaldomagalhaes.com.br\/index.php\/wp-json\/wp\/v2\/posts"}],"about":[{"href":"https:\/\/blogdoedvaldomagalhaes.com.br\/index.php\/wp-json\/wp\/v2\/types\/post"}],"author":[{"embeddable":true,"href":"https:\/\/blogdoedvaldomagalhaes.com.br\/index.php\/wp-json\/wp\/v2\/users\/1"}],"replies":[{"embeddable":true,"href":"https:\/\/blogdoedvaldomagalhaes.com.br\/index.php\/wp-json\/wp\/v2\/comments?post=53259"}],"version-history":[{"count":1,"href":"https:\/\/blogdoedvaldomagalhaes.com.br\/index.php\/wp-json\/wp\/v2\/posts\/53259\/revisions"}],"predecessor-version":[{"id":53261,"href":"https:\/\/blogdoedvaldomagalhaes.com.br\/index.php\/wp-json\/wp\/v2\/posts\/53259\/revisions\/53261"}],"wp:featuredmedia":[{"embeddable":true,"href":"https:\/\/blogdoedvaldomagalhaes.com.br\/index.php\/wp-json\/wp\/v2\/media\/53260"}],"wp:attachment":[{"href":"https:\/\/blogdoedvaldomagalhaes.com.br\/index.php\/wp-json\/wp\/v2\/media?parent=53259"}],"wp:term":[{"taxonomy":"category","embeddable":true,"href":"https:\/\/blogdoedvaldomagalhaes.com.br\/index.php\/wp-json\/wp\/v2\/categories?post=53259"},{"taxonomy":"post_tag","embeddable":true,"href":"https:\/\/blogdoedvaldomagalhaes.com.br\/index.php\/wp-json\/wp\/v2\/tags?post=53259"}],"curies":[{"name":"wp","href":"https:\/\/api.w.org\/{rel}","templated":true}]}}