{"id":53255,"date":"2020-03-25T13:58:18","date_gmt":"2020-03-25T16:58:18","guid":{"rendered":"http:\/\/blogdoedvaldomagalhaes.com.br\/?p=53255"},"modified":"2020-03-25T13:58:22","modified_gmt":"2020-03-25T16:58:22","slug":"operacao-desinfeccao-e-iniciada-pelas-ruas-de-toritama","status":"publish","type":"post","link":"https:\/\/blogdoedvaldomagalhaes.com.br\/index.php\/2020\/03\/25\/operacao-desinfeccao-e-iniciada-pelas-ruas-de-toritama\/","title":{"rendered":"Opera\u00e7\u00e3o Desinfec\u00e7\u00e3o \u00e9 iniciada pelas ruas de Toritama"},"content":{"rendered":"<p style=\"text-align: justify;\"><span style=\"font-size: inherit;\">A Prefeitura de Toritama iniciou o servi\u00e7o na manh\u00e3 desta quarta-feira (25). Utilizando cloro e desinfetante, como recomenda as autoridades sanit\u00e1rias, a a\u00e7\u00e3o continuar\u00e1 a ocorrer nos pr\u00f3ximos dias. As Unidades B\u00e1sicas de Sa\u00fade, a Feira de Frutas e Verduras, o Mercado de Farinha e o A\u00e7ougue P\u00fablico tamb\u00e9m ser\u00e3o alvo desta opera\u00e7\u00e3o.<\/span><\/p>\n<p style=\"text-align: justify;\">A Secretaria de Sa\u00fade mant\u00e9m as recomenda\u00e7\u00f5es decretadas, ou seja, que a popula\u00e7\u00e3o se mantenha em seus lares, obedecendo a dist\u00e2ncia m\u00ednima de 01 metro entre as pessoas e principalmente, proteger os idosos.<\/p>\n\n\n<figure class=\"wp-block-image size-large\"><img loading=\"lazy\" decoding=\"async\" width=\"960\" height=\"540\" src=\"http:\/\/blogdoedvaldomagalhaes.com.br\/wp-content\/uploads\/2020\/03\/IMG-20200325-WA0208.jpg\" alt=\"\" class=\"wp-image-53257\" srcset=\"https:\/\/blogdoedvaldomagalhaes.com.br\/wp-content\/uploads\/2020\/03\/IMG-20200325-WA0208.jpg 960w, https:\/\/blogdoedvaldomagalhaes.com.br\/wp-content\/uploads\/2020\/03\/IMG-20200325-WA0208-300x169.jpg 300w, https:\/\/blogdoedvaldomagalhaes.com.br\/wp-content\/uploads\/2020\/03\/IMG-20200325-WA0208-768x432.jpg 768w, https:\/\/blogdoedvaldomagalhaes.com.br\/wp-content\/uploads\/2020\/03\/IMG-20200325-WA0208-720x405.jpg 720w\" sizes=\"auto, (max-width: 960px) 100vw, 960px\" \/><\/figure>\n","protected":false},"excerpt":{"rendered":"<p>A Prefeitura de Toritama iniciou o servi\u00e7o na manh\u00e3 desta quarta-feira (25). Utilizando cloro e desinfetante, como recomenda as autoridades&hellip;<\/p>\n","protected":false},"author":1,"featured_media":53256,"comment_status":"open","ping_status":"open","sticky":false,"template":"","format":"standard","meta":{"footnotes":""},"categories":[14120],"tags":[2,16881,17622],"class_list":["post-53255","post","type-post","status-publish","format-standard","has-post-thumbnail","hentry","category-noticias","tag-blog-do-edvaldo-magalhaes","tag-caruaru-e-regiao","tag-operacao-desinfeccao-e-iniciada-pelas-ruas-de-toritama"],"_links":{"self":[{"href":"https:\/\/blogdoedvaldomagalhaes.com.br\/index.php\/wp-json\/wp\/v2\/posts\/53255","targetHints":{"allow":["GET"]}}],"collection":[{"href":"https:\/\/blogdoedvaldomagalhaes.com.br\/index.php\/wp-json\/wp\/v2\/posts"}],"about":[{"href":"https:\/\/blogdoedvaldomagalhaes.com.br\/index.php\/wp-json\/wp\/v2\/types\/post"}],"author":[{"embeddable":true,"href":"https:\/\/blogdoedvaldomagalhaes.com.br\/index.php\/wp-json\/wp\/v2\/users\/1"}],"replies":[{"embeddable":true,"href":"https:\/\/blogdoedvaldomagalhaes.com.br\/index.php\/wp-json\/wp\/v2\/comments?post=53255"}],"version-history":[{"count":1,"href":"https:\/\/blogdoedvaldomagalhaes.com.br\/index.php\/wp-json\/wp\/v2\/posts\/53255\/revisions"}],"predecessor-version":[{"id":53258,"href":"https:\/\/blogdoedvaldomagalhaes.com.br\/index.php\/wp-json\/wp\/v2\/posts\/53255\/revisions\/53258"}],"wp:featuredmedia":[{"embeddable":true,"href":"https:\/\/blogdoedvaldomagalhaes.com.br\/index.php\/wp-json\/wp\/v2\/media\/53256"}],"wp:attachment":[{"href":"https:\/\/blogdoedvaldomagalhaes.com.br\/index.php\/wp-json\/wp\/v2\/media?parent=53255"}],"wp:term":[{"taxonomy":"category","embeddable":true,"href":"https:\/\/blogdoedvaldomagalhaes.com.br\/index.php\/wp-json\/wp\/v2\/categories?post=53255"},{"taxonomy":"post_tag","embeddable":true,"href":"https:\/\/blogdoedvaldomagalhaes.com.br\/index.php\/wp-json\/wp\/v2\/tags?post=53255"}],"curies":[{"name":"wp","href":"https:\/\/api.w.org\/{rel}","templated":true}]}}