{"id":53249,"date":"2020-03-25T08:01:29","date_gmt":"2020-03-25T11:01:29","guid":{"rendered":"http:\/\/blogdoedvaldomagalhaes.com.br\/?p=53249"},"modified":"2020-03-25T11:15:03","modified_gmt":"2020-03-25T14:15:03","slug":"morre-janduy-mota-instrutor-de-atividades-recreativas-do-sesc-caruaru","status":"publish","type":"post","link":"https:\/\/blogdoedvaldomagalhaes.com.br\/index.php\/2020\/03\/25\/morre-janduy-mota-instrutor-de-atividades-recreativas-do-sesc-caruaru\/","title":{"rendered":"Morre Janduy Mota instrutor de atividades recreativas do Sesc Caruaru"},"content":{"rendered":"<div style=\"text-align: justify;\">A unidade do Sesc Caruaru comunica o falecimento do profissional Janduy Mota, decorrido de complica\u00e7\u00f5es de uma cirurgia intestinal realizada nessa ter\u00e7a-feira (24), em um hospital particular de Caruaru.<\/div>\n<div style=\"text-align: justify;\"><\/div>\n<div style=\"text-align: justify;\">Janduy Mota desempenhava a fun\u00e7\u00e3o de instrutor de atividades recreativas do Sesc Caruaru h\u00e1 mais de 25 anos, e era respons\u00e1vel por in\u00fameros projetos art\u00edsticos, como bailes, col\u00f4nia de f\u00e9rias, grupos da terceira idade e atividades de lazer, sempre marcadas pela alegria e bem estar da comunidade.<\/div>\n<div style=\"text-align: justify;\"><\/div>\n<div style=\"text-align: justify;\">O vel\u00f3rio ocorrendo no Cemit\u00e9rio Dom Bosco. O sepultamento ser\u00e1 \u00e0s 16h30, no Cemit\u00e9rio Parque dos Arcos. Em ambos, ser\u00e1 obedecida a determina\u00e7\u00e3o do governo estadual de n\u00e3o permitir aglomera\u00e7\u00e3o de mais de dez pessoas<\/div>\n","protected":false},"excerpt":{"rendered":"<p>A unidade do Sesc Caruaru comunica o falecimento do profissional Janduy Mota, decorrido de complica\u00e7\u00f5es de uma cirurgia intestinal realizada&hellip;<\/p>\n","protected":false},"author":1,"featured_media":53250,"comment_status":"open","ping_status":"open","sticky":false,"template":"","format":"standard","meta":{"footnotes":""},"categories":[14120],"tags":[2,16881,17621],"class_list":["post-53249","post","type-post","status-publish","format-standard","has-post-thumbnail","hentry","category-noticias","tag-blog-do-edvaldo-magalhaes","tag-caruaru-e-regiao","tag-morre-janduy-mota-instrutor-de-atividades-recreativas-do-sesc-caruaru"],"_links":{"self":[{"href":"https:\/\/blogdoedvaldomagalhaes.com.br\/index.php\/wp-json\/wp\/v2\/posts\/53249","targetHints":{"allow":["GET"]}}],"collection":[{"href":"https:\/\/blogdoedvaldomagalhaes.com.br\/index.php\/wp-json\/wp\/v2\/posts"}],"about":[{"href":"https:\/\/blogdoedvaldomagalhaes.com.br\/index.php\/wp-json\/wp\/v2\/types\/post"}],"author":[{"embeddable":true,"href":"https:\/\/blogdoedvaldomagalhaes.com.br\/index.php\/wp-json\/wp\/v2\/users\/1"}],"replies":[{"embeddable":true,"href":"https:\/\/blogdoedvaldomagalhaes.com.br\/index.php\/wp-json\/wp\/v2\/comments?post=53249"}],"version-history":[{"count":4,"href":"https:\/\/blogdoedvaldomagalhaes.com.br\/index.php\/wp-json\/wp\/v2\/posts\/53249\/revisions"}],"predecessor-version":[{"id":53254,"href":"https:\/\/blogdoedvaldomagalhaes.com.br\/index.php\/wp-json\/wp\/v2\/posts\/53249\/revisions\/53254"}],"wp:featuredmedia":[{"embeddable":true,"href":"https:\/\/blogdoedvaldomagalhaes.com.br\/index.php\/wp-json\/wp\/v2\/media\/53250"}],"wp:attachment":[{"href":"https:\/\/blogdoedvaldomagalhaes.com.br\/index.php\/wp-json\/wp\/v2\/media?parent=53249"}],"wp:term":[{"taxonomy":"category","embeddable":true,"href":"https:\/\/blogdoedvaldomagalhaes.com.br\/index.php\/wp-json\/wp\/v2\/categories?post=53249"},{"taxonomy":"post_tag","embeddable":true,"href":"https:\/\/blogdoedvaldomagalhaes.com.br\/index.php\/wp-json\/wp\/v2\/tags?post=53249"}],"curies":[{"name":"wp","href":"https:\/\/api.w.org\/{rel}","templated":true}]}}