{"id":53243,"date":"2020-03-24T22:10:59","date_gmt":"2020-03-25T01:10:59","guid":{"rendered":"http:\/\/blogdoedvaldomagalhaes.com.br\/?p=53243"},"modified":"2020-03-24T22:29:01","modified_gmt":"2020-03-25T01:29:01","slug":"barreiras-sanitarias-educativas-de-caruaru-orientam-passageiros-de-grupos-de-risco-a-voltar-para-suas-cidades","status":"publish","type":"post","link":"https:\/\/blogdoedvaldomagalhaes.com.br\/index.php\/2020\/03\/24\/barreiras-sanitarias-educativas-de-caruaru-orientam-passageiros-de-grupos-de-risco-a-voltar-para-suas-cidades\/","title":{"rendered":"Barreiras Sanit\u00e1rias Educativas de Caruaru orientam passageiros de grupos de risco a voltar para suas cidades"},"content":{"rendered":"<p style=\"text-align: justify;\"><span style=\"font-size: inherit;\">O primeiro dia das barreiras sanit\u00e1rias educativas instaladas pela Prefeitura de Caruaru em diversos acessos \u00e0 cidade j\u00e1 rendeu bons resultados \u00e0s equipes que comandaram a a\u00e7\u00e3o. Em forma progressiva, o trabalho come\u00e7ou com cinco barreiras, em pontos estrat\u00e9gicos do munic\u00edpio, contando com o apoio da Guarda Municipal, Agentes de Tr\u00e2nsito, Agentes de Sa\u00fade, Fiscais da Secretaria de Ordem p\u00fablica e da Secretaria de Servi\u00e7os P\u00fablicos, al\u00e9m de Bombeiros Civis volunt\u00e1rios, todos devidamente fardados e identificados.<\/span><\/p>\n<p style=\"text-align: justify;\">Em 24h de opera\u00e7\u00e3o, com cinco pontos de atua\u00e7\u00e3o, quase 7 mil pessoas foram alcan\u00e7adas. No total, 1098 ve\u00edculos foram abordados, como caminh\u00f5es e caminhonetas; transportes intermunicipais, como \u00f4nibus, vans e toyotas, assim como ve\u00edculos de passeio e motos com placas de outras cidades. Desses, 136 ve\u00edculos voltaram para os seus lugares de origem, sem acessar o munic\u00edpio.<\/p>\n<p style=\"text-align: justify;\">De acordo com a secret\u00e1ria de Ordem P\u00fablica, Karla Vieira, dos cerca de 10% dos carros parados e foram orientados a voltar para as suas cidades, estavam com passageiros enquadrados nos grupos de risco. \u201cRegistramos 347 pessoas em situa\u00e7\u00e3o de vulnerabilidade, como idosas, crian\u00e7as e gestantes. Conversamos e refor\u00e7amos a necessidade deles permanecerem em casa durante esse per\u00edodo de combate ao Covid-19\u201d, explicou a secret\u00e1ria.<\/p>\n<p style=\"text-align: justify;\">Durante a primeira opera\u00e7\u00e3o, a prefeita Raquel Lyra foi conferir de perto a estrutura e conversar com os profissionais envolvidos. \u201cN\u00e3o podemos relaxar no combate ao novo coronav\u00edrus. Precisamos tomar todas as medidas necess\u00e1rias para que a doen\u00e7a seja controlada e n\u00e3o afete a nossa cidade. \u00c9 imprescind\u00edvel que a popula\u00e7\u00e3o fique em casa. Se estamos nas ruas trabalhando, \u00e9 pela preserva\u00e7\u00e3o da sa\u00fade e vida do nosso povo\u201d, refor\u00e7a Raquel.<\/p>\n<p style=\"text-align: justify;\">As abordagens foram feitas na Avenida Brasil, Avenida Agamenon Magalh\u00e3es, no acesso ao Bairro S\u00e3o Francisco, Avenida Jos\u00e9 Rodrigues de Jesus e Anel Vi\u00e1rio. As barreiras n\u00e3o s\u00e3o fixas, sendo alteradas diariamente.<\/p>\n\n\n<figure class=\"wp-block-image size-large\"><img loading=\"lazy\" decoding=\"async\" width=\"1024\" height=\"682\" src=\"http:\/\/blogdoedvaldomagalhaes.com.br\/wp-content\/uploads\/2020\/03\/IMG-20200324-WA0307-1024x682.jpg\" alt=\"\" class=\"wp-image-53245\" srcset=\"https:\/\/blogdoedvaldomagalhaes.com.br\/wp-content\/uploads\/2020\/03\/IMG-20200324-WA0307-1024x682.jpg 1024w, https:\/\/blogdoedvaldomagalhaes.com.br\/wp-content\/uploads\/2020\/03\/IMG-20200324-WA0307-300x200.jpg 300w, https:\/\/blogdoedvaldomagalhaes.com.br\/wp-content\/uploads\/2020\/03\/IMG-20200324-WA0307-768x512.jpg 768w, https:\/\/blogdoedvaldomagalhaes.com.br\/wp-content\/uploads\/2020\/03\/IMG-20200324-WA0307.jpg 1280w\" sizes=\"auto, (max-width: 1024px) 100vw, 1024px\" \/><\/figure>\n\n\n\n<figure class=\"wp-block-image size-large\"><img loading=\"lazy\" decoding=\"async\" width=\"1024\" height=\"682\" src=\"http:\/\/blogdoedvaldomagalhaes.com.br\/wp-content\/uploads\/2020\/03\/IMG-20200324-WA0308-1024x682.jpg\" alt=\"\" class=\"wp-image-53246\" srcset=\"https:\/\/blogdoedvaldomagalhaes.com.br\/wp-content\/uploads\/2020\/03\/IMG-20200324-WA0308-1024x682.jpg 1024w, https:\/\/blogdoedvaldomagalhaes.com.br\/wp-content\/uploads\/2020\/03\/IMG-20200324-WA0308-300x200.jpg 300w, https:\/\/blogdoedvaldomagalhaes.com.br\/wp-content\/uploads\/2020\/03\/IMG-20200324-WA0308-768x512.jpg 768w, https:\/\/blogdoedvaldomagalhaes.com.br\/wp-content\/uploads\/2020\/03\/IMG-20200324-WA0308.jpg 1280w\" sizes=\"auto, (max-width: 1024px) 100vw, 1024px\" \/><\/figure>\n\n\n\n<figure class=\"wp-block-image size-large\"><img loading=\"lazy\" decoding=\"async\" width=\"768\" height=\"1024\" src=\"http:\/\/blogdoedvaldomagalhaes.com.br\/wp-content\/uploads\/2020\/03\/IMG-20200324-WA0310.jpg\" alt=\"\" class=\"wp-image-53247\" srcset=\"https:\/\/blogdoedvaldomagalhaes.com.br\/wp-content\/uploads\/2020\/03\/IMG-20200324-WA0310.jpg 768w, https:\/\/blogdoedvaldomagalhaes.com.br\/wp-content\/uploads\/2020\/03\/IMG-20200324-WA0310-225x300.jpg 225w\" sizes=\"auto, (max-width: 768px) 100vw, 768px\" \/><figcaption>Cr\u00e9ditos: Jana\u00edna Pepeu\/Jorge Farias\/SEIC<\/figcaption><\/figure>\n","protected":false},"excerpt":{"rendered":"<p>O primeiro dia das barreiras sanit\u00e1rias educativas instaladas pela Prefeitura de Caruaru em diversos acessos \u00e0 cidade j\u00e1 rendeu bons&hellip;<\/p>\n","protected":false},"author":1,"featured_media":53244,"comment_status":"open","ping_status":"open","sticky":false,"template":"","format":"standard","meta":{"footnotes":""},"categories":[14120],"tags":[17620,2,16881],"class_list":["post-53243","post","type-post","status-publish","format-standard","has-post-thumbnail","hentry","category-noticias","tag-barreiras-sanitarias-educativas-de-caruaru-orientam-passageiros-de-grupos-de-risco-a-voltar-para-suas-cidades","tag-blog-do-edvaldo-magalhaes","tag-caruaru-e-regiao"],"_links":{"self":[{"href":"https:\/\/blogdoedvaldomagalhaes.com.br\/index.php\/wp-json\/wp\/v2\/posts\/53243","targetHints":{"allow":["GET"]}}],"collection":[{"href":"https:\/\/blogdoedvaldomagalhaes.com.br\/index.php\/wp-json\/wp\/v2\/posts"}],"about":[{"href":"https:\/\/blogdoedvaldomagalhaes.com.br\/index.php\/wp-json\/wp\/v2\/types\/post"}],"author":[{"embeddable":true,"href":"https:\/\/blogdoedvaldomagalhaes.com.br\/index.php\/wp-json\/wp\/v2\/users\/1"}],"replies":[{"embeddable":true,"href":"https:\/\/blogdoedvaldomagalhaes.com.br\/index.php\/wp-json\/wp\/v2\/comments?post=53243"}],"version-history":[{"count":1,"href":"https:\/\/blogdoedvaldomagalhaes.com.br\/index.php\/wp-json\/wp\/v2\/posts\/53243\/revisions"}],"predecessor-version":[{"id":53248,"href":"https:\/\/blogdoedvaldomagalhaes.com.br\/index.php\/wp-json\/wp\/v2\/posts\/53243\/revisions\/53248"}],"wp:featuredmedia":[{"embeddable":true,"href":"https:\/\/blogdoedvaldomagalhaes.com.br\/index.php\/wp-json\/wp\/v2\/media\/53244"}],"wp:attachment":[{"href":"https:\/\/blogdoedvaldomagalhaes.com.br\/index.php\/wp-json\/wp\/v2\/media?parent=53243"}],"wp:term":[{"taxonomy":"category","embeddable":true,"href":"https:\/\/blogdoedvaldomagalhaes.com.br\/index.php\/wp-json\/wp\/v2\/categories?post=53243"},{"taxonomy":"post_tag","embeddable":true,"href":"https:\/\/blogdoedvaldomagalhaes.com.br\/index.php\/wp-json\/wp\/v2\/tags?post=53243"}],"curies":[{"name":"wp","href":"https:\/\/api.w.org\/{rel}","templated":true}]}}