{"id":53237,"date":"2020-03-24T20:53:54","date_gmt":"2020-03-24T23:53:54","guid":{"rendered":"http:\/\/blogdoedvaldomagalhaes.com.br\/?p=53237"},"modified":"2020-03-24T22:28:31","modified_gmt":"2020-03-25T01:28:31","slug":"pernambuco-sem-novos-casos-do-coronavirus-nas-ultimas-24-horas","status":"publish","type":"post","link":"https:\/\/blogdoedvaldomagalhaes.com.br\/index.php\/2020\/03\/24\/pernambuco-sem-novos-casos-do-coronavirus-nas-ultimas-24-horas\/","title":{"rendered":"Pernambuco sem novos casos do coronavirus nas \u00faltimas 24 horas"},"content":{"rendered":"<p style=\"text-align: justify;\">Na tarde desta ter\u00e7a-feira (24), o Minist\u00e9rio da Sa\u00fade divulgou 2.201 casos confirmados do coronavirus no Brasil, com 46 mortes. S\u00e3o Paulo registra 30 mortes e 475 casos confirmados, j\u00e1 o Rio de Janeiro, tem quatro mortes e 233 confirma\u00e7\u00f5es.\u00a0 Pernambuco continua com 42 casos confirmados, 3 deles na Unidade de Terapia Intensiva (UTI), \u2013 dois no Hospital Portugu\u00eas e um no Hospital Universit\u00e1rio Oswaldo Cruz -, 8 est\u00e3o internados, 29 est\u00e3o em isolamento domiciliar e 5 pacientes com cura cl\u00ednica, de acordo com informa\u00e7\u00f5es da Secretaria Estadual de Sa\u00fade atrav\u00e9s de coletiva de imprensa.<\/p>\n<p style=\"text-align: justify;\">Os testes realizados pela Secretaria Estadual de Sa\u00fade em casos suspeitos da Covid-19 deram todos negativos nas \u00faltimas 24 horas. O Laborat\u00f3rio Central de Sa\u00fade P\u00fablica de Pernambuco \u2013 Lacen\/PE, analisou amostras biol\u00f3gicas de 108 pessoas internadas em estado grave, ou que tenham vindo a \u00f3bito com sintomas de S\u00edndrome Respirat\u00f3ria Aguda (SRAG), mas nenhuma testou positivo para o coronav\u00edrus.<\/p>\n<p style=\"text-align: justify;\">Foto: H\u00e9lia Sheppa\/SEI.<\/p>\n","protected":false},"excerpt":{"rendered":"<p>Na tarde desta ter\u00e7a-feira (24), o Minist\u00e9rio da Sa\u00fade divulgou 2.201 casos confirmados do coronavirus no Brasil, com 46 mortes.&hellip;<\/p>\n","protected":false},"author":1,"featured_media":53238,"comment_status":"open","ping_status":"open","sticky":false,"template":"","format":"standard","meta":{"footnotes":""},"categories":[1],"tags":[],"class_list":["post-53237","post","type-post","status-publish","format-standard","has-post-thumbnail","hentry","category-sem-categoria"],"_links":{"self":[{"href":"https:\/\/blogdoedvaldomagalhaes.com.br\/index.php\/wp-json\/wp\/v2\/posts\/53237","targetHints":{"allow":["GET"]}}],"collection":[{"href":"https:\/\/blogdoedvaldomagalhaes.com.br\/index.php\/wp-json\/wp\/v2\/posts"}],"about":[{"href":"https:\/\/blogdoedvaldomagalhaes.com.br\/index.php\/wp-json\/wp\/v2\/types\/post"}],"author":[{"embeddable":true,"href":"https:\/\/blogdoedvaldomagalhaes.com.br\/index.php\/wp-json\/wp\/v2\/users\/1"}],"replies":[{"embeddable":true,"href":"https:\/\/blogdoedvaldomagalhaes.com.br\/index.php\/wp-json\/wp\/v2\/comments?post=53237"}],"version-history":[{"count":2,"href":"https:\/\/blogdoedvaldomagalhaes.com.br\/index.php\/wp-json\/wp\/v2\/posts\/53237\/revisions"}],"predecessor-version":[{"id":53241,"href":"https:\/\/blogdoedvaldomagalhaes.com.br\/index.php\/wp-json\/wp\/v2\/posts\/53237\/revisions\/53241"}],"wp:featuredmedia":[{"embeddable":true,"href":"https:\/\/blogdoedvaldomagalhaes.com.br\/index.php\/wp-json\/wp\/v2\/media\/53238"}],"wp:attachment":[{"href":"https:\/\/blogdoedvaldomagalhaes.com.br\/index.php\/wp-json\/wp\/v2\/media?parent=53237"}],"wp:term":[{"taxonomy":"category","embeddable":true,"href":"https:\/\/blogdoedvaldomagalhaes.com.br\/index.php\/wp-json\/wp\/v2\/categories?post=53237"},{"taxonomy":"post_tag","embeddable":true,"href":"https:\/\/blogdoedvaldomagalhaes.com.br\/index.php\/wp-json\/wp\/v2\/tags?post=53237"}],"curies":[{"name":"wp","href":"https:\/\/api.w.org\/{rel}","templated":true}]}}