{"id":53232,"date":"2020-03-24T19:46:05","date_gmt":"2020-03-24T22:46:05","guid":{"rendered":"http:\/\/blogdoedvaldomagalhaes.com.br\/?p=53232"},"modified":"2020-03-24T22:26:13","modified_gmt":"2020-03-25T01:26:13","slug":"jose-queiroz-remaneja-r-1-milhao-em-emendas-para-o-combate-ao-coronavirus","status":"publish","type":"post","link":"https:\/\/blogdoedvaldomagalhaes.com.br\/index.php\/2020\/03\/24\/jose-queiroz-remaneja-r-1-milhao-em-emendas-para-o-combate-ao-coronavirus\/","title":{"rendered":"Jos\u00e9 Queiroz remaneja R$ 1 milh\u00e3o em emendas para o combate ao Coronav\u00edrus"},"content":{"rendered":"<p style=\"text-align: justify;\">A situa\u00e7\u00e3o excepcional do Coronav\u00edrus no mundo inteiro, que levou as pessoas ao isolamento social, vem repercutindo no dia a dia da popula\u00e7\u00e3o e tem sacrificado as finan\u00e7as de estados e munic\u00edpios. Diante desse cen\u00e1rio, o deputado estadual Jos\u00e9 Queiroz decidiu, nesta ter\u00e7a-feira, 24, remanejar os valores das emendas parlamentares de sua autoria, para o combate ao Coronav\u00edrus. O valor chega a R$ 1 milh\u00e3o de reais e dever\u00e1 ser aplicado pelo Governo do Estado nas a\u00e7\u00f5es de combate ao Covid-19. \u201cEsta \u00e9 hora de dar as m\u00e3os, de pensar no bem comum, de cada um fazer sua parte. Acredito que esse recurso vai ajudar o governador Paulo C\u00e2mara a investir em a\u00e7\u00f5es na \u00e1rea da sa\u00fade para minimizar os efeitos da pandemia, inclusive em Caruaru\u201d, afirmou Queiroz.<\/p>\n\n\n<figure class=\"wp-block-image size-large\"><img loading=\"lazy\" decoding=\"async\" width=\"640\" height=\"427\" src=\"http:\/\/blogdoedvaldomagalhaes.com.br\/wp-content\/uploads\/2020\/03\/313BCFC5-2557-4E70-A472-CD2E7C198E10.jpeg\" alt=\"\" class=\"wp-image-53235\" srcset=\"https:\/\/blogdoedvaldomagalhaes.com.br\/wp-content\/uploads\/2020\/03\/313BCFC5-2557-4E70-A472-CD2E7C198E10.jpeg 640w, https:\/\/blogdoedvaldomagalhaes.com.br\/wp-content\/uploads\/2020\/03\/313BCFC5-2557-4E70-A472-CD2E7C198E10-300x200.jpeg 300w\" sizes=\"auto, (max-width: 640px) 100vw, 640px\" \/><figcaption>Foto: Divulga\u00e7\u00e3o <\/figcaption><\/figure>\n","protected":false},"excerpt":{"rendered":"<p>A situa\u00e7\u00e3o excepcional do Coronav\u00edrus no mundo inteiro, que levou as pessoas ao isolamento social, vem repercutindo no dia a&hellip;<\/p>\n","protected":false},"author":1,"featured_media":53233,"comment_status":"open","ping_status":"open","sticky":false,"template":"","format":"standard","meta":{"footnotes":""},"categories":[14122],"tags":[2,16881,17619],"class_list":["post-53232","post","type-post","status-publish","format-standard","has-post-thumbnail","hentry","category-politica","tag-blog-do-edvaldo-magalhaes","tag-caruaru-e-regiao","tag-jose-queiroz-remaneja-r-1-milhao-em-emendas-para-o-combate-ao-coronavirus"],"_links":{"self":[{"href":"https:\/\/blogdoedvaldomagalhaes.com.br\/index.php\/wp-json\/wp\/v2\/posts\/53232","targetHints":{"allow":["GET"]}}],"collection":[{"href":"https:\/\/blogdoedvaldomagalhaes.com.br\/index.php\/wp-json\/wp\/v2\/posts"}],"about":[{"href":"https:\/\/blogdoedvaldomagalhaes.com.br\/index.php\/wp-json\/wp\/v2\/types\/post"}],"author":[{"embeddable":true,"href":"https:\/\/blogdoedvaldomagalhaes.com.br\/index.php\/wp-json\/wp\/v2\/users\/1"}],"replies":[{"embeddable":true,"href":"https:\/\/blogdoedvaldomagalhaes.com.br\/index.php\/wp-json\/wp\/v2\/comments?post=53232"}],"version-history":[{"count":2,"href":"https:\/\/blogdoedvaldomagalhaes.com.br\/index.php\/wp-json\/wp\/v2\/posts\/53232\/revisions"}],"predecessor-version":[{"id":53236,"href":"https:\/\/blogdoedvaldomagalhaes.com.br\/index.php\/wp-json\/wp\/v2\/posts\/53232\/revisions\/53236"}],"wp:featuredmedia":[{"embeddable":true,"href":"https:\/\/blogdoedvaldomagalhaes.com.br\/index.php\/wp-json\/wp\/v2\/media\/53233"}],"wp:attachment":[{"href":"https:\/\/blogdoedvaldomagalhaes.com.br\/index.php\/wp-json\/wp\/v2\/media?parent=53232"}],"wp:term":[{"taxonomy":"category","embeddable":true,"href":"https:\/\/blogdoedvaldomagalhaes.com.br\/index.php\/wp-json\/wp\/v2\/categories?post=53232"},{"taxonomy":"post_tag","embeddable":true,"href":"https:\/\/blogdoedvaldomagalhaes.com.br\/index.php\/wp-json\/wp\/v2\/tags?post=53232"}],"curies":[{"name":"wp","href":"https:\/\/api.w.org\/{rel}","templated":true}]}}