{"id":53227,"date":"2020-03-24T19:32:30","date_gmt":"2020-03-24T22:32:30","guid":{"rendered":"http:\/\/blogdoedvaldomagalhaes.com.br\/?p=53227"},"modified":"2020-03-24T22:24:00","modified_gmt":"2020-03-25T01:24:00","slug":"lessa-redireciona-r-700-mil-para-compra-de-respiradores","status":"publish","type":"post","link":"https:\/\/blogdoedvaldomagalhaes.com.br\/index.php\/2020\/03\/24\/lessa-redireciona-r-700-mil-para-compra-de-respiradores\/","title":{"rendered":"Lessa redireciona R$ 700 mil para compra de respiradores"},"content":{"rendered":"<p style=\"text-align: justify;\">Por causa da pandemia do coronav\u00edrus, o deputado estadual Delegado Erick Lessa est\u00e1 redirecionando cerca de R$ 700 mil de suas emendas parlamentares. A solicita\u00e7\u00e3o do deputado \u00e9 que o valor seja encaminhado para a aquisi\u00e7\u00e3o de ventiladores m\u00e9dicos, conhecidos como respiradores.<\/p>\n<p style=\"text-align: justify;\">De acordo com o parlamentar, a requisi\u00e7\u00e3o foi encaminhada para a Comiss\u00e3o de Finan\u00e7as, Or\u00e7amento e Tributa\u00e7\u00e3o da Assembleia Legislativa de Pernambuco (Alepe) na manh\u00e3 desta segunda-feira, 23. \u201cTemos acompanhado que a grande dificuldade dos Centros e das Unidades de Terapia Intensiva (CTIs e UTIs) \u00e9 a falta de respiradores. N\u00f3s estamos solicitando que o valor seja aplicado na compra destes equipamentos, de prefer\u00eancia pra cidade de Caruaru, o que ser\u00e1 avaliado pela Secretaria de Sa\u00fade, de acordo com o plano de contingenciamento do Estado\u201d, explana o deputado.<\/p>\n<p style=\"text-align: justify;\">Cada respirador custa aproximadamente R$ 55 mil. Estes equipamentos se tornaram o \u2018ponto cr\u00edtico\u2019 no tratamento do Covid-19, j\u00e1 que o sistema de sa\u00fade do Brasil corre o risco de entrar em colapso pela falta de respiradores e de leitos. Os respiradores s\u00e3o importantes para o tratamento da doen\u00e7a, pois eles levam o ar aos pulm\u00f5es dos pacientes \u2013 que podem morrer caso n\u00e3o sejam submetidos a este procedimento. Na It\u00e1lia, h\u00e1 registros de que os m\u00e9dicos precisaram escolher quais seriam os pacientes que teriam acesso aos equipamentos.<\/p>\n\n\n<figure class=\"wp-block-image size-large\"><img loading=\"lazy\" decoding=\"async\" width=\"1024\" height=\"682\" src=\"http:\/\/blogdoedvaldomagalhaes.com.br\/wp-content\/uploads\/2020\/03\/IMG-20200324-WA0215-1024x682.jpg\" alt=\"\" class=\"wp-image-53228\" srcset=\"https:\/\/blogdoedvaldomagalhaes.com.br\/wp-content\/uploads\/2020\/03\/IMG-20200324-WA0215-1024x682.jpg 1024w, https:\/\/blogdoedvaldomagalhaes.com.br\/wp-content\/uploads\/2020\/03\/IMG-20200324-WA0215-300x200.jpg 300w, https:\/\/blogdoedvaldomagalhaes.com.br\/wp-content\/uploads\/2020\/03\/IMG-20200324-WA0215-768x512.jpg 768w, https:\/\/blogdoedvaldomagalhaes.com.br\/wp-content\/uploads\/2020\/03\/IMG-20200324-WA0215.jpg 1280w\" sizes=\"auto, (max-width: 1024px) 100vw, 1024px\" \/><figcaption>Cr\u00e9ditos: Viliane Gomes <\/figcaption><\/figure>\n","protected":false},"excerpt":{"rendered":"<p>Por causa da pandemia do coronav\u00edrus, o deputado estadual Delegado Erick Lessa est\u00e1 redirecionando cerca de R$ 700 mil de&hellip;<\/p>\n","protected":false},"author":1,"featured_media":53229,"comment_status":"open","ping_status":"open","sticky":false,"template":"","format":"standard","meta":{"footnotes":""},"categories":[14122],"tags":[2,16881,17618],"class_list":["post-53227","post","type-post","status-publish","format-standard","has-post-thumbnail","hentry","category-politica","tag-blog-do-edvaldo-magalhaes","tag-caruaru-e-regiao","tag-lessa-redireciona-r-700-mil-para-compra-de-respiradores"],"_links":{"self":[{"href":"https:\/\/blogdoedvaldomagalhaes.com.br\/index.php\/wp-json\/wp\/v2\/posts\/53227","targetHints":{"allow":["GET"]}}],"collection":[{"href":"https:\/\/blogdoedvaldomagalhaes.com.br\/index.php\/wp-json\/wp\/v2\/posts"}],"about":[{"href":"https:\/\/blogdoedvaldomagalhaes.com.br\/index.php\/wp-json\/wp\/v2\/types\/post"}],"author":[{"embeddable":true,"href":"https:\/\/blogdoedvaldomagalhaes.com.br\/index.php\/wp-json\/wp\/v2\/users\/1"}],"replies":[{"embeddable":true,"href":"https:\/\/blogdoedvaldomagalhaes.com.br\/index.php\/wp-json\/wp\/v2\/comments?post=53227"}],"version-history":[{"count":2,"href":"https:\/\/blogdoedvaldomagalhaes.com.br\/index.php\/wp-json\/wp\/v2\/posts\/53227\/revisions"}],"predecessor-version":[{"id":53231,"href":"https:\/\/blogdoedvaldomagalhaes.com.br\/index.php\/wp-json\/wp\/v2\/posts\/53227\/revisions\/53231"}],"wp:featuredmedia":[{"embeddable":true,"href":"https:\/\/blogdoedvaldomagalhaes.com.br\/index.php\/wp-json\/wp\/v2\/media\/53229"}],"wp:attachment":[{"href":"https:\/\/blogdoedvaldomagalhaes.com.br\/index.php\/wp-json\/wp\/v2\/media?parent=53227"}],"wp:term":[{"taxonomy":"category","embeddable":true,"href":"https:\/\/blogdoedvaldomagalhaes.com.br\/index.php\/wp-json\/wp\/v2\/categories?post=53227"},{"taxonomy":"post_tag","embeddable":true,"href":"https:\/\/blogdoedvaldomagalhaes.com.br\/index.php\/wp-json\/wp\/v2\/tags?post=53227"}],"curies":[{"name":"wp","href":"https:\/\/api.w.org\/{rel}","templated":true}]}}