{"id":53224,"date":"2020-03-24T17:25:38","date_gmt":"2020-03-24T20:25:38","guid":{"rendered":"http:\/\/blogdoedvaldomagalhaes.com.br\/?p=53224"},"modified":"2020-03-24T17:25:40","modified_gmt":"2020-03-24T20:25:40","slug":"alcool-em-gel-falsificado-apreendido-e-uma-prisao-em-flagrante-em-belo-jardim","status":"publish","type":"post","link":"https:\/\/blogdoedvaldomagalhaes.com.br\/index.php\/2020\/03\/24\/alcool-em-gel-falsificado-apreendido-e-uma-prisao-em-flagrante-em-belo-jardim\/","title":{"rendered":"\u00c1lcool em gel falsificado apreendido e uma pris\u00e3o em flagrante em Belo Jardim"},"content":{"rendered":"<p style=\"text-align: justify;\">No final da manh\u00e3 desta quarta-feira (24), Policiais Civis da Delegacia de Belo Jardim apreenderam 192 (cento e noventa e dois) frascos, de 500ml cada, de \u00e1lcool em gel falsificado, que se encontravam em dep\u00f3sito de C.E.A.C.D.S., o qual fora preso em flagrante delito por falsifica\u00e7\u00e3o de produto saneante, conforme previsto no art. 273, par\u00e1grafo 1\u00b0-A c\/c par\u00e1grafo 1\u00b0-B, incisos I, III e V, do CP.<\/p>\n<p style=\"text-align: justify;\">O autuado confirmou que adquiriu os produtos na cidade de Caruaru, mas que n\u00e3o chegou a comercializ\u00e1-los devido \u00e0 m\u00e1 qualidade verificada posteriormente, bem como pelo odor totalmente distinto ao produto verdadeiro.<br \/>\nC.E.A.C.D.S. permanecer\u00e1 detido at\u00e9 delibera\u00e7\u00e3o em audi\u00eancia de cust\u00f3dia amanh\u00e3.<\/p>\n<p style=\"text-align: justify;\">104a DP &#8211; Belo Jardim<\/p>\n","protected":false},"excerpt":{"rendered":"<p>No final da manh\u00e3 desta quarta-feira (24), Policiais Civis da Delegacia de Belo Jardim apreenderam 192 (cento e noventa e&hellip;<\/p>\n","protected":false},"author":1,"featured_media":53225,"comment_status":"open","ping_status":"open","sticky":false,"template":"","format":"standard","meta":{"footnotes":""},"categories":[1],"tags":[],"class_list":["post-53224","post","type-post","status-publish","format-standard","has-post-thumbnail","hentry","category-sem-categoria"],"_links":{"self":[{"href":"https:\/\/blogdoedvaldomagalhaes.com.br\/index.php\/wp-json\/wp\/v2\/posts\/53224","targetHints":{"allow":["GET"]}}],"collection":[{"href":"https:\/\/blogdoedvaldomagalhaes.com.br\/index.php\/wp-json\/wp\/v2\/posts"}],"about":[{"href":"https:\/\/blogdoedvaldomagalhaes.com.br\/index.php\/wp-json\/wp\/v2\/types\/post"}],"author":[{"embeddable":true,"href":"https:\/\/blogdoedvaldomagalhaes.com.br\/index.php\/wp-json\/wp\/v2\/users\/1"}],"replies":[{"embeddable":true,"href":"https:\/\/blogdoedvaldomagalhaes.com.br\/index.php\/wp-json\/wp\/v2\/comments?post=53224"}],"version-history":[{"count":1,"href":"https:\/\/blogdoedvaldomagalhaes.com.br\/index.php\/wp-json\/wp\/v2\/posts\/53224\/revisions"}],"predecessor-version":[{"id":53226,"href":"https:\/\/blogdoedvaldomagalhaes.com.br\/index.php\/wp-json\/wp\/v2\/posts\/53224\/revisions\/53226"}],"wp:featuredmedia":[{"embeddable":true,"href":"https:\/\/blogdoedvaldomagalhaes.com.br\/index.php\/wp-json\/wp\/v2\/media\/53225"}],"wp:attachment":[{"href":"https:\/\/blogdoedvaldomagalhaes.com.br\/index.php\/wp-json\/wp\/v2\/media?parent=53224"}],"wp:term":[{"taxonomy":"category","embeddable":true,"href":"https:\/\/blogdoedvaldomagalhaes.com.br\/index.php\/wp-json\/wp\/v2\/categories?post=53224"},{"taxonomy":"post_tag","embeddable":true,"href":"https:\/\/blogdoedvaldomagalhaes.com.br\/index.php\/wp-json\/wp\/v2\/tags?post=53224"}],"curies":[{"name":"wp","href":"https:\/\/api.w.org\/{rel}","templated":true}]}}