{"id":53217,"date":"2020-03-23T23:29:48","date_gmt":"2020-03-24T02:29:48","guid":{"rendered":"http:\/\/blogdoedvaldomagalhaes.com.br\/?p=53217"},"modified":"2020-03-23T23:29:52","modified_gmt":"2020-03-24T02:29:52","slug":"ceaca-tem-novas-regras-para-o-combate-do-covid-19-confira","status":"publish","type":"post","link":"https:\/\/blogdoedvaldomagalhaes.com.br\/index.php\/2020\/03\/23\/ceaca-tem-novas-regras-para-o-combate-do-covid-19-confira\/","title":{"rendered":"Ceaca tem novas regras para o combate do Covid-19; Confira"},"content":{"rendered":"<p style=\"text-align: justify;\"><span style=\"font-size: inherit;\">A Prefeitura de Caruaru publicou novas medidas de prote\u00e7\u00e3o ao enfrentamento do novo coronav\u00edrus no munic\u00edpio, na noite desta segunda-feira (23). A Portaria estabelece uma s\u00e9rie de altera\u00e7\u00f5es na Central de Abastecimento de Caruaru &#8211; CEACA, que devem ser adotadas a partir da pr\u00f3xima quinta-feira (26). At\u00e9 o momento, apenas um caso foi confirmado na cidade.<\/span><\/p>\n<p style=\"text-align: justify;\">As medidas come\u00e7am a redu\u00e7\u00e3o do hor\u00e1rio de funcionamento da CEACA, que passar\u00e1 a atender da 0h \u00e0s 15h. A estrat\u00e9gia tem como objetivo reduzir o n\u00famero de pessoas circulando no local. Tamb\u00e9m foi determinado que todos os trabalhadores da administra\u00e7\u00e3o passar\u00e3o a trabalhar de forma remota, com exce\u00e7\u00e3o dos servi\u00e7os essenciais ao funcionamento da central.<\/p>\n<p style=\"text-align: justify;\">Outra determina\u00e7\u00e3o se deve a proibi\u00e7\u00e3o de consumo local em bares, restaurantes, quiosques, lanchonetes, barracas de comida e bebida, devendo o funcionamento dos estabelecimentos ser exclusivamente para a venda e entrega por delivery. Tamb\u00e9m ser\u00e3o proibidas a circula\u00e7\u00e3o e comercializa\u00e7\u00e3o de vendedores de lanches e ambulantes.<\/p>\n<p style=\"text-align: justify;\">A CEACA ainda vai refor\u00e7ar a necessidade da libera\u00e7\u00e3o dos funcion\u00e1rios com idade a partir dos 60 anos ou que se enquadram no grupo de risco. De acordo com o diretor presidente da central, Bruno Fran\u00e7a, todas as medidas sanit\u00e1rias recomendadas pelos \u00f3rg\u00e3os oficiais de sa\u00fade ser\u00e3o adotados pelo centro. \u201cRefor\u00e7amos que o p\u00fablico s\u00f3 deve visitar a central de distribui\u00e7\u00e3o em caso de real necessidade. \u00c9 fundamental que a popula\u00e7\u00e3o obede\u00e7a as determina\u00e7\u00f5es para que o v\u00edrus n\u00e3o circule pela cidade\u201d, alerta.<\/p>\n<p>Foto: Blog do Edvaldo Magalh\u00e3es.<\/p>\n","protected":false},"excerpt":{"rendered":"<p>A Prefeitura de Caruaru publicou novas medidas de prote\u00e7\u00e3o ao enfrentamento do novo coronav\u00edrus no munic\u00edpio, na noite desta segunda-feira&hellip;<\/p>\n","protected":false},"author":1,"featured_media":53218,"comment_status":"open","ping_status":"open","sticky":false,"template":"","format":"standard","meta":{"footnotes":""},"categories":[14120],"tags":[2,16881,17616],"class_list":["post-53217","post","type-post","status-publish","format-standard","has-post-thumbnail","hentry","category-noticias","tag-blog-do-edvaldo-magalhaes","tag-caruaru-e-regiao","tag-ceaca-tem-novas-regras-para-o-combate-do-covid-19-confira"],"_links":{"self":[{"href":"https:\/\/blogdoedvaldomagalhaes.com.br\/index.php\/wp-json\/wp\/v2\/posts\/53217","targetHints":{"allow":["GET"]}}],"collection":[{"href":"https:\/\/blogdoedvaldomagalhaes.com.br\/index.php\/wp-json\/wp\/v2\/posts"}],"about":[{"href":"https:\/\/blogdoedvaldomagalhaes.com.br\/index.php\/wp-json\/wp\/v2\/types\/post"}],"author":[{"embeddable":true,"href":"https:\/\/blogdoedvaldomagalhaes.com.br\/index.php\/wp-json\/wp\/v2\/users\/1"}],"replies":[{"embeddable":true,"href":"https:\/\/blogdoedvaldomagalhaes.com.br\/index.php\/wp-json\/wp\/v2\/comments?post=53217"}],"version-history":[{"count":1,"href":"https:\/\/blogdoedvaldomagalhaes.com.br\/index.php\/wp-json\/wp\/v2\/posts\/53217\/revisions"}],"predecessor-version":[{"id":53219,"href":"https:\/\/blogdoedvaldomagalhaes.com.br\/index.php\/wp-json\/wp\/v2\/posts\/53217\/revisions\/53219"}],"wp:featuredmedia":[{"embeddable":true,"href":"https:\/\/blogdoedvaldomagalhaes.com.br\/index.php\/wp-json\/wp\/v2\/media\/53218"}],"wp:attachment":[{"href":"https:\/\/blogdoedvaldomagalhaes.com.br\/index.php\/wp-json\/wp\/v2\/media?parent=53217"}],"wp:term":[{"taxonomy":"category","embeddable":true,"href":"https:\/\/blogdoedvaldomagalhaes.com.br\/index.php\/wp-json\/wp\/v2\/categories?post=53217"},{"taxonomy":"post_tag","embeddable":true,"href":"https:\/\/blogdoedvaldomagalhaes.com.br\/index.php\/wp-json\/wp\/v2\/tags?post=53217"}],"curies":[{"name":"wp","href":"https:\/\/api.w.org\/{rel}","templated":true}]}}