{"id":53214,"date":"2020-03-23T23:14:17","date_gmt":"2020-03-24T02:14:17","guid":{"rendered":"http:\/\/blogdoedvaldomagalhaes.com.br\/?p=53214"},"modified":"2020-03-23T23:14:18","modified_gmt":"2020-03-24T02:14:18","slug":"confira-as-novas-normas-para-as-casas-lotericas-em-caruaru","status":"publish","type":"post","link":"https:\/\/blogdoedvaldomagalhaes.com.br\/index.php\/2020\/03\/23\/confira-as-novas-normas-para-as-casas-lotericas-em-caruaru\/","title":{"rendered":"Confira as novas normas para as casas lot\u00e9ricas em Caruaru"},"content":{"rendered":"<p style=\"text-align: justify;\"><span style=\"font-size: inherit;\">A prefeita Raquel Lyra publicou uma Portaria na noite desta segunda-feira (23), limitando o funcionamento das casas lot\u00e9ricas em Caruaru. A publica\u00e7\u00e3o determina que as lot\u00e9ricas devem funcionar com hor\u00e1rio reduzido, das 8h \u00e0s 15h, por conta da pandemia de Covid-19. O Acesso ao local ser\u00e1 limitado para 10 pessoas, e as filas, dentro ou fora, com dist\u00e2ncia m\u00ednima de 1,5m entre os cidad\u00e3os.<\/span><\/p>\n","protected":false},"excerpt":{"rendered":"<p>A prefeita Raquel Lyra publicou uma Portaria na noite desta segunda-feira (23), limitando o funcionamento das casas lot\u00e9ricas em Caruaru.&hellip;<\/p>\n","protected":false},"author":1,"featured_media":53215,"comment_status":"open","ping_status":"open","sticky":false,"template":"","format":"standard","meta":{"footnotes":""},"categories":[14120],"tags":[16881,17615],"class_list":["post-53214","post","type-post","status-publish","format-standard","has-post-thumbnail","hentry","category-noticias","tag-caruaru-e-regiao","tag-confira-as-novas-normas-para-as-casas-lotericas-em-caruaru"],"_links":{"self":[{"href":"https:\/\/blogdoedvaldomagalhaes.com.br\/index.php\/wp-json\/wp\/v2\/posts\/53214","targetHints":{"allow":["GET"]}}],"collection":[{"href":"https:\/\/blogdoedvaldomagalhaes.com.br\/index.php\/wp-json\/wp\/v2\/posts"}],"about":[{"href":"https:\/\/blogdoedvaldomagalhaes.com.br\/index.php\/wp-json\/wp\/v2\/types\/post"}],"author":[{"embeddable":true,"href":"https:\/\/blogdoedvaldomagalhaes.com.br\/index.php\/wp-json\/wp\/v2\/users\/1"}],"replies":[{"embeddable":true,"href":"https:\/\/blogdoedvaldomagalhaes.com.br\/index.php\/wp-json\/wp\/v2\/comments?post=53214"}],"version-history":[{"count":1,"href":"https:\/\/blogdoedvaldomagalhaes.com.br\/index.php\/wp-json\/wp\/v2\/posts\/53214\/revisions"}],"predecessor-version":[{"id":53216,"href":"https:\/\/blogdoedvaldomagalhaes.com.br\/index.php\/wp-json\/wp\/v2\/posts\/53214\/revisions\/53216"}],"wp:featuredmedia":[{"embeddable":true,"href":"https:\/\/blogdoedvaldomagalhaes.com.br\/index.php\/wp-json\/wp\/v2\/media\/53215"}],"wp:attachment":[{"href":"https:\/\/blogdoedvaldomagalhaes.com.br\/index.php\/wp-json\/wp\/v2\/media?parent=53214"}],"wp:term":[{"taxonomy":"category","embeddable":true,"href":"https:\/\/blogdoedvaldomagalhaes.com.br\/index.php\/wp-json\/wp\/v2\/categories?post=53214"},{"taxonomy":"post_tag","embeddable":true,"href":"https:\/\/blogdoedvaldomagalhaes.com.br\/index.php\/wp-json\/wp\/v2\/tags?post=53214"}],"curies":[{"name":"wp","href":"https:\/\/api.w.org\/{rel}","templated":true}]}}