{"id":53211,"date":"2020-03-23T20:32:49","date_gmt":"2020-03-23T23:32:49","guid":{"rendered":"http:\/\/blogdoedvaldomagalhaes.com.br\/?p=53211"},"modified":"2020-03-23T20:32:50","modified_gmt":"2020-03-23T23:32:50","slug":"celpe-proibida-de-cortar-energia-durante-pandemia-do-coronavirus","status":"publish","type":"post","link":"https:\/\/blogdoedvaldomagalhaes.com.br\/index.php\/2020\/03\/23\/celpe-proibida-de-cortar-energia-durante-pandemia-do-coronavirus\/","title":{"rendered":"Celpe proibida de cortar energia durante Pandemia do Coronav\u00edrus"},"content":{"rendered":"<p style=\"text-align: justify;\"><span style=\"font-size: inherit;\">O Tribunal de Justi\u00e7a de Pernambuco acatou nesta segunda-feira (23) um pedido feito pela Defensoria P\u00fablica do Estado que pro\u00edbe a Companhia Energ\u00e9tica de Pernambuco de suspender o fornecimento de energia el\u00e9trica dos consumidores residenciais ao longo do per\u00edodo de emerg\u00eancia de sa\u00fade relativo \u00e0 pandemia de coronav\u00edrus. O pedido feito inclui o restabelecimento da energia el\u00e9trica daquelas casas que j\u00e1 tiveram o fornecimento cortado por inadimpl\u00eancia, tudo isso sob pena de multa di\u00e1ria no valor de R$ 10 mil por consumidor afetado.<\/span><\/p>\n<p style=\"text-align: justify;\"><span style=\"font-size: inherit;\"> O texto da defensoria p\u00fablica tamb\u00e9m prev\u00ea possibilidade de responsabiliza\u00e7\u00e3o criminal para o caso de descumprimento. Ao dar entrada na A\u00e7\u00e3o Civil P\u00fablica, o defensor p\u00fablico e coordenador do N\u00facleo de Causas Coletivas, Rafael Alcoforado, defendeu que o corte de energia exp\u00f5e as pessoas ao risco, pois as obriga a sa\u00edrem de suas casas. <\/span><\/p>\n<p style=\"text-align: justify;\"><span style=\"font-size: inherit;\">\u201cElas n\u00e3o t\u00eam sequer como pagar suas contas online e desta forma se exp\u00f5em ao risco atrav\u00e9s desse corte\u201d, ressaltou. D\u00edvida n\u00e3o ser\u00e1 perdoada Segundo Rafael Alcoforado, a recomenda\u00e7\u00e3o expedida na \u00faltima quarta-feira (18) \u00e9 direcionada \u00e0 Celpe e \u00e0 Compesa e est\u00e1 restritamente ligada ao corte de energia e \u00e1gua durante essa pandemia. \u201cN\u00e3o foi pedindo para ser suspensa a cobran\u00e7a. A d\u00edvida vai existir poder\u00e1 ser cobrada judicialmente, por qualquer outro meio poss\u00edvel\u201d, frisou. De acordo com a Defensoria P\u00fablica do Estado, em resposta, a Celpe disse que est\u00e1 analisando as medidas junto \u00e0 Ag\u00eancia Nacional de Energia El\u00e9trica (Aneel). \u201cA Celpe respondeu informando que n\u00e3o poderia adotar essa medida sem a orienta\u00e7\u00e3o do \u00d3rg\u00e3o regulador. Diante de alguns casos que a Defensoria recebeu de dois cortes efetuados, n\u00f3s decidimos entrar com a a\u00e7\u00e3o civil p\u00fablica\u201d, enfatizou Alcoforado.<\/span><\/p>\n","protected":false},"excerpt":{"rendered":"<p>O Tribunal de Justi\u00e7a de Pernambuco acatou nesta segunda-feira (23) um pedido feito pela Defensoria P\u00fablica do Estado que pro\u00edbe&hellip;<\/p>\n","protected":false},"author":1,"featured_media":53212,"comment_status":"open","ping_status":"open","sticky":false,"template":"","format":"standard","meta":{"footnotes":""},"categories":[1],"tags":[],"class_list":["post-53211","post","type-post","status-publish","format-standard","has-post-thumbnail","hentry","category-sem-categoria"],"_links":{"self":[{"href":"https:\/\/blogdoedvaldomagalhaes.com.br\/index.php\/wp-json\/wp\/v2\/posts\/53211","targetHints":{"allow":["GET"]}}],"collection":[{"href":"https:\/\/blogdoedvaldomagalhaes.com.br\/index.php\/wp-json\/wp\/v2\/posts"}],"about":[{"href":"https:\/\/blogdoedvaldomagalhaes.com.br\/index.php\/wp-json\/wp\/v2\/types\/post"}],"author":[{"embeddable":true,"href":"https:\/\/blogdoedvaldomagalhaes.com.br\/index.php\/wp-json\/wp\/v2\/users\/1"}],"replies":[{"embeddable":true,"href":"https:\/\/blogdoedvaldomagalhaes.com.br\/index.php\/wp-json\/wp\/v2\/comments?post=53211"}],"version-history":[{"count":1,"href":"https:\/\/blogdoedvaldomagalhaes.com.br\/index.php\/wp-json\/wp\/v2\/posts\/53211\/revisions"}],"predecessor-version":[{"id":53213,"href":"https:\/\/blogdoedvaldomagalhaes.com.br\/index.php\/wp-json\/wp\/v2\/posts\/53211\/revisions\/53213"}],"wp:featuredmedia":[{"embeddable":true,"href":"https:\/\/blogdoedvaldomagalhaes.com.br\/index.php\/wp-json\/wp\/v2\/media\/53212"}],"wp:attachment":[{"href":"https:\/\/blogdoedvaldomagalhaes.com.br\/index.php\/wp-json\/wp\/v2\/media?parent=53211"}],"wp:term":[{"taxonomy":"category","embeddable":true,"href":"https:\/\/blogdoedvaldomagalhaes.com.br\/index.php\/wp-json\/wp\/v2\/categories?post=53211"},{"taxonomy":"post_tag","embeddable":true,"href":"https:\/\/blogdoedvaldomagalhaes.com.br\/index.php\/wp-json\/wp\/v2\/tags?post=53211"}],"curies":[{"name":"wp","href":"https:\/\/api.w.org\/{rel}","templated":true}]}}