{"id":53201,"date":"2020-03-23T19:00:17","date_gmt":"2020-03-23T22:00:17","guid":{"rendered":"http:\/\/blogdoedvaldomagalhaes.com.br\/?p=53201"},"modified":"2020-03-23T19:34:37","modified_gmt":"2020-03-23T22:34:37","slug":"adiado-o-sao-joao-2020-em-campina-grande-e-petrolina-devido-o-coronavirus","status":"publish","type":"post","link":"https:\/\/blogdoedvaldomagalhaes.com.br\/index.php\/2020\/03\/23\/adiado-o-sao-joao-2020-em-campina-grande-e-petrolina-devido-o-coronavirus\/","title":{"rendered":"Adiado o S\u00e3o Jo\u00e3o 2020 em Campina Grande e Petrolina devido o coronav\u00edrus"},"content":{"rendered":"<p style=\"text-align: justify;\">O S\u00e3o Jo\u00e3o 2020 de Campina Grande-PB, foi adiado pelo prefeito Romero Rodrigues, devido a pandemia do coronavirus. O evento ser\u00e1 realizado de 09 de outubro a 08 de novembro deste ano.<\/p>\n<p style=\"text-align: justify;\"><span style=\"font-size: inherit;\">Petrolina adia festa de S\u00e3o Jo\u00e3o 2020 <\/span><\/p>\n<p style=\"text-align: justify;\"><span style=\"font-size: inherit;\">O prefeito Miguel Coelho anunciou na noite desta segunda-feira (23), em suas redes sociais, o adiamento por tempo indeterminado do S\u00e3o Jo\u00e3o de Petrolina. A medida visa proteger a popula\u00e7\u00e3o diante da pandemia do Coronav\u00edrus.<\/span><\/p>\n<p style=\"text-align: justify;\">A mudan\u00e7a no S\u00e3o Jo\u00e3o de Petrolina afeta tamb\u00e9m outros festejos p\u00fablicos do primeiro semestre. Segundo Miguel, os recursos que estavam previstos para esses eventos ser\u00e3o realocados para a sa\u00fade p\u00fablica, em especial, no combate \u00e0 transmiss\u00e3o da Covid-19. \u201cMuita gente vinha nos cobrando uma resposta e decidimos adiar enquanto houver situa\u00e7\u00e3o de emerg\u00eancia. Nosso foco precisa estar todo voltado para essa luta, ent\u00e3o, vamos adiar sem previs\u00e3o e priorizar os investimentos na sa\u00fade\u201d, refor\u00e7ou o prefeito.<\/p>\n","protected":false},"excerpt":{"rendered":"<p>O S\u00e3o Jo\u00e3o 2020 de Campina Grande-PB, foi adiado pelo prefeito Romero Rodrigues, devido a pandemia do coronavirus. O evento&hellip;<\/p>\n","protected":false},"author":1,"featured_media":53204,"comment_status":"open","ping_status":"open","sticky":false,"template":"","format":"standard","meta":{"footnotes":""},"categories":[14120],"tags":[2,16881],"class_list":["post-53201","post","type-post","status-publish","format-standard","has-post-thumbnail","hentry","category-noticias","tag-blog-do-edvaldo-magalhaes","tag-caruaru-e-regiao"],"_links":{"self":[{"href":"https:\/\/blogdoedvaldomagalhaes.com.br\/index.php\/wp-json\/wp\/v2\/posts\/53201","targetHints":{"allow":["GET"]}}],"collection":[{"href":"https:\/\/blogdoedvaldomagalhaes.com.br\/index.php\/wp-json\/wp\/v2\/posts"}],"about":[{"href":"https:\/\/blogdoedvaldomagalhaes.com.br\/index.php\/wp-json\/wp\/v2\/types\/post"}],"author":[{"embeddable":true,"href":"https:\/\/blogdoedvaldomagalhaes.com.br\/index.php\/wp-json\/wp\/v2\/users\/1"}],"replies":[{"embeddable":true,"href":"https:\/\/blogdoedvaldomagalhaes.com.br\/index.php\/wp-json\/wp\/v2\/comments?post=53201"}],"version-history":[{"count":4,"href":"https:\/\/blogdoedvaldomagalhaes.com.br\/index.php\/wp-json\/wp\/v2\/posts\/53201\/revisions"}],"predecessor-version":[{"id":53209,"href":"https:\/\/blogdoedvaldomagalhaes.com.br\/index.php\/wp-json\/wp\/v2\/posts\/53201\/revisions\/53209"}],"wp:featuredmedia":[{"embeddable":true,"href":"https:\/\/blogdoedvaldomagalhaes.com.br\/index.php\/wp-json\/wp\/v2\/media\/53204"}],"wp:attachment":[{"href":"https:\/\/blogdoedvaldomagalhaes.com.br\/index.php\/wp-json\/wp\/v2\/media?parent=53201"}],"wp:term":[{"taxonomy":"category","embeddable":true,"href":"https:\/\/blogdoedvaldomagalhaes.com.br\/index.php\/wp-json\/wp\/v2\/categories?post=53201"},{"taxonomy":"post_tag","embeddable":true,"href":"https:\/\/blogdoedvaldomagalhaes.com.br\/index.php\/wp-json\/wp\/v2\/tags?post=53201"}],"curies":[{"name":"wp","href":"https:\/\/api.w.org\/{rel}","templated":true}]}}