{"id":53191,"date":"2020-03-23T16:39:59","date_gmt":"2020-03-23T19:39:59","guid":{"rendered":"http:\/\/blogdoedvaldomagalhaes.com.br\/?p=53191"},"modified":"2020-03-23T16:40:08","modified_gmt":"2020-03-23T19:40:08","slug":"governador-pe-determina-a-contratacao-de-mais-profissionais-da-saude-e-proibe-mototaxi","status":"publish","type":"post","link":"https:\/\/blogdoedvaldomagalhaes.com.br\/index.php\/2020\/03\/23\/governador-pe-determina-a-contratacao-de-mais-profissionais-da-saude-e-proibe-mototaxi\/","title":{"rendered":"Governador-PE determina a contrata\u00e7\u00e3o de mais profissionais da Sa\u00fade e pro\u00edbe motot\u00e1xi"},"content":{"rendered":"<p style=\"text-align: justify;\"><span style=\"font-size: inherit;\">O governador do Estado, Paulo C\u00e2mara, anunciou, no final da manh\u00e3 de hoje (23), mais uma s\u00e9rie de medidas que v\u00e3o impactar diretamente no controle da epidemia Covid-19. No pronunciamento, o governador determinou a contrata\u00e7\u00e3o de 4.729 profissionais da \u00e1rea de Sa\u00fade, a abertura de duas sele\u00e7\u00f5es p\u00fablicas, o repasse de R$ 11 milh\u00f5es para a Assist\u00eancia Social e Sa\u00fade e a edi\u00e7\u00e3o de um novo decreto impedindo o transporte de passageiros em motot\u00e1xis e proibindo as reuni\u00f5es e aglomera\u00e7\u00f5es para grupos com mais de 10 pessoas.<\/span><\/p>\n<p style=\"text-align: justify;\">De acordo com o decreto, ser\u00e3o convocados 4.729 profissionais para refor\u00e7ar o sistema de sa\u00fade. Ser\u00e3o contratados 430 m\u00e9dicos e 1.552 outros profissionais de diversas \u00e1reas, aprovados no \u00faltimo concurso. Esse pessoal vai fortalecer toda a rede p\u00fablica de Sa\u00fade, inclusive o Hemope e o Hospital Oswaldo Cruz.<\/p>\n<p style=\"text-align: justify;\">O governador tamb\u00e9m autorizou a realiza\u00e7\u00e3o imediata de duas sele\u00e7\u00f5es p\u00fablicas simplificadas para a contrata\u00e7\u00e3o de 2.747 novos profissionais. A primeira sele\u00e7\u00e3o, para a Secretaria de Sa\u00fade tem previs\u00e3o para 160 vagas para m\u00e9dicos e 1.917 vagas em outros cargos.<\/p>\n<p style=\"text-align: justify;\">A segunda sele\u00e7\u00e3o ser\u00e1 feita pela Universidade de Pernambuco \u2013 UPE e vai contratar 65 m\u00e9dicos e 605 para profissionais como enfermeiros, nutricionistas, farmac\u00eauticos, biom\u00e9dicos, fisioterapeutas, t\u00e9cnicos em enfermagem, entre outros.<\/p>\n<p style=\"text-align: justify;\">\u201cTodo esse time vai compor o atendimento nas unidades existentes e nas que estamos abrindo para enfrentar a epidemia do novo Coronav\u00edrus. Al\u00e9m disso, estamos repassando onze milh\u00f5es de reais para ajudar as a\u00e7\u00f5es de sa\u00fade e assist\u00eancia social dos munic\u00edpios pernambucanos\u201d, afirmou o governador que refor\u00e7ou: \u201dquero ainda ressaltar que nossa melhor estrat\u00e9gia de combate \u00e0 dissemina\u00e7\u00e3o do v\u00edrus nesse momento \u00e9 o isolamento social\u201d.<\/p>\n<p style=\"text-align: justify;\">Consta do novo decreto a proibi\u00e7\u00e3o de reuni\u00f5es e as aglomera\u00e7\u00f5es para grupos com mais de 10 pessoas, al\u00e9m de impedir o transporte de passageiros com a utiliza\u00e7\u00e3o de motot\u00e1xis. O governador informou que o Estado est\u00e1 repassando R$ 11 milh\u00f5es para ajudar as a\u00e7\u00f5es de Sa\u00fade e Assist\u00eancia Social dos munic\u00edpios pernambucanos.<\/p>\n","protected":false},"excerpt":{"rendered":"<p>O governador do Estado, Paulo C\u00e2mara, anunciou, no final da manh\u00e3 de hoje (23), mais uma s\u00e9rie de medidas que&hellip;<\/p>\n","protected":false},"author":1,"featured_media":53192,"comment_status":"open","ping_status":"open","sticky":false,"template":"","format":"standard","meta":{"footnotes":""},"categories":[1],"tags":[],"class_list":["post-53191","post","type-post","status-publish","format-standard","has-post-thumbnail","hentry","category-sem-categoria"],"_links":{"self":[{"href":"https:\/\/blogdoedvaldomagalhaes.com.br\/index.php\/wp-json\/wp\/v2\/posts\/53191","targetHints":{"allow":["GET"]}}],"collection":[{"href":"https:\/\/blogdoedvaldomagalhaes.com.br\/index.php\/wp-json\/wp\/v2\/posts"}],"about":[{"href":"https:\/\/blogdoedvaldomagalhaes.com.br\/index.php\/wp-json\/wp\/v2\/types\/post"}],"author":[{"embeddable":true,"href":"https:\/\/blogdoedvaldomagalhaes.com.br\/index.php\/wp-json\/wp\/v2\/users\/1"}],"replies":[{"embeddable":true,"href":"https:\/\/blogdoedvaldomagalhaes.com.br\/index.php\/wp-json\/wp\/v2\/comments?post=53191"}],"version-history":[{"count":1,"href":"https:\/\/blogdoedvaldomagalhaes.com.br\/index.php\/wp-json\/wp\/v2\/posts\/53191\/revisions"}],"predecessor-version":[{"id":53193,"href":"https:\/\/blogdoedvaldomagalhaes.com.br\/index.php\/wp-json\/wp\/v2\/posts\/53191\/revisions\/53193"}],"wp:featuredmedia":[{"embeddable":true,"href":"https:\/\/blogdoedvaldomagalhaes.com.br\/index.php\/wp-json\/wp\/v2\/media\/53192"}],"wp:attachment":[{"href":"https:\/\/blogdoedvaldomagalhaes.com.br\/index.php\/wp-json\/wp\/v2\/media?parent=53191"}],"wp:term":[{"taxonomy":"category","embeddable":true,"href":"https:\/\/blogdoedvaldomagalhaes.com.br\/index.php\/wp-json\/wp\/v2\/categories?post=53191"},{"taxonomy":"post_tag","embeddable":true,"href":"https:\/\/blogdoedvaldomagalhaes.com.br\/index.php\/wp-json\/wp\/v2\/tags?post=53191"}],"curies":[{"name":"wp","href":"https:\/\/api.w.org\/{rel}","templated":true}]}}