{"id":53177,"date":"2020-03-23T14:18:03","date_gmt":"2020-03-23T17:18:03","guid":{"rendered":"http:\/\/blogdoedvaldomagalhaes.com.br\/?p=53177"},"modified":"2020-03-23T14:45:34","modified_gmt":"2020-03-23T17:45:34","slug":"compesa-garante-a-tony-gel-reduzir-racionamento-em-caruaru-toritama-e-santa-cruz","status":"publish","type":"post","link":"https:\/\/blogdoedvaldomagalhaes.com.br\/index.php\/2020\/03\/23\/compesa-garante-a-tony-gel-reduzir-racionamento-em-caruaru-toritama-e-santa-cruz\/","title":{"rendered":"Compesa garante \u00e0 Tony Gel reduzir racionamento em Caruaru, Toritama e Santa Cruz"},"content":{"rendered":"<p style=\"text-align: justify;\">\u00c0 Presidente da Compesa, Manuela Marinho garantiu na manh\u00e3 desta segunda-feira 23, ao deputado estadual Tony Gel (MDB), que diante do bom ac\u00famulo de \u00e1gua nas Barragens de Jucazinho e Tabocas, o rod\u00edzio no abastecimento em Caruaru ser\u00e1 reduzido. \u00c0 popula\u00e7\u00e3o da Capital do Agreste vai passar a ter mais dias com \u00e1gua nas torneiras.<\/p>\n<p style=\"text-align: justify;\">Na conversa que teve com Manuela Marinho, presidente da Compesa, Tony Gel recebeu \u00e0 garantia de que as cidades de Toritama e Santa Cruz do Capibaribe, tamb\u00e9m ter\u00e3o um refor\u00e7o no abastecimento com \u00e1gua nas torneiras durante mais dias.<\/p>\n<p style=\"text-align: justify;\">&#8220;Ampliar o abastecimento de \u00e1gua nas casas \u00e9 neste momento uma medida importante. Com mais \u00e1gua nas torneiras, \u00e0 popula\u00e7\u00e3o ter\u00e1 uma maior oferta para a higieniza\u00e7\u00e3o&#8221; disse Tony Gel.<\/p>\n","protected":false},"excerpt":{"rendered":"<p>\u00c0 Presidente da Compesa, Manuela Marinho garantiu na manh\u00e3 desta segunda-feira 23, ao deputado estadual Tony Gel (MDB), que diante&hellip;<\/p>\n","protected":false},"author":1,"featured_media":53182,"comment_status":"open","ping_status":"open","sticky":false,"template":"","format":"standard","meta":{"footnotes":""},"categories":[14120],"tags":[2,16881,17607,17608],"class_list":["post-53177","post","type-post","status-publish","format-standard","has-post-thumbnail","hentry","category-noticias","tag-blog-do-edvaldo-magalhaes","tag-caruaru-e-regiao","tag-compesa-garante-a-tony-gel-reduzir-racionamento-em-caruaru","tag-toritama-e-santa-cruz"],"_links":{"self":[{"href":"https:\/\/blogdoedvaldomagalhaes.com.br\/index.php\/wp-json\/wp\/v2\/posts\/53177","targetHints":{"allow":["GET"]}}],"collection":[{"href":"https:\/\/blogdoedvaldomagalhaes.com.br\/index.php\/wp-json\/wp\/v2\/posts"}],"about":[{"href":"https:\/\/blogdoedvaldomagalhaes.com.br\/index.php\/wp-json\/wp\/v2\/types\/post"}],"author":[{"embeddable":true,"href":"https:\/\/blogdoedvaldomagalhaes.com.br\/index.php\/wp-json\/wp\/v2\/users\/1"}],"replies":[{"embeddable":true,"href":"https:\/\/blogdoedvaldomagalhaes.com.br\/index.php\/wp-json\/wp\/v2\/comments?post=53177"}],"version-history":[{"count":1,"href":"https:\/\/blogdoedvaldomagalhaes.com.br\/index.php\/wp-json\/wp\/v2\/posts\/53177\/revisions"}],"predecessor-version":[{"id":53179,"href":"https:\/\/blogdoedvaldomagalhaes.com.br\/index.php\/wp-json\/wp\/v2\/posts\/53177\/revisions\/53179"}],"wp:featuredmedia":[{"embeddable":true,"href":"https:\/\/blogdoedvaldomagalhaes.com.br\/index.php\/wp-json\/wp\/v2\/media\/53182"}],"wp:attachment":[{"href":"https:\/\/blogdoedvaldomagalhaes.com.br\/index.php\/wp-json\/wp\/v2\/media?parent=53177"}],"wp:term":[{"taxonomy":"category","embeddable":true,"href":"https:\/\/blogdoedvaldomagalhaes.com.br\/index.php\/wp-json\/wp\/v2\/categories?post=53177"},{"taxonomy":"post_tag","embeddable":true,"href":"https:\/\/blogdoedvaldomagalhaes.com.br\/index.php\/wp-json\/wp\/v2\/tags?post=53177"}],"curies":[{"name":"wp","href":"https:\/\/api.w.org\/{rel}","templated":true}]}}