{"id":53161,"date":"2020-03-22T18:01:08","date_gmt":"2020-03-22T21:01:08","guid":{"rendered":"http:\/\/blogdoedvaldomagalhaes.com.br\/?p=53161"},"modified":"2020-03-22T18:01:12","modified_gmt":"2020-03-22T21:01:12","slug":"vacinacao-contra-gripe-comeca-nesta-segunda-feira-23","status":"publish","type":"post","link":"https:\/\/blogdoedvaldomagalhaes.com.br\/index.php\/2020\/03\/22\/vacinacao-contra-gripe-comeca-nesta-segunda-feira-23\/","title":{"rendered":"Vacina\u00e7\u00e3o contra gripe come\u00e7a nesta segunda-feira (23)"},"content":{"rendered":"<p style=\"text-align: justify;\"><span style=\"font-size: inherit;\">A Campanha de Vacina\u00e7\u00e3o contra a Gripe come\u00e7a nesta segunda-feira (23) e ter\u00e1 como p\u00fablico-alvo, nesta primeira etapa, idosos acima de 60 anos e profissionais de sa\u00fade. Anteriormente, a campanha estava prevista para a segunda quinzena de abril, mas foi antecipada por conta da pandemia do Covid-19.<\/span><\/p>\n<p style=\"text-align: justify;\">Em Caruaru, a vacina\u00e7\u00e3o estar\u00e1 dispon\u00edvel nas unidades b\u00e1sicas de sa\u00fade e as equipes de sa\u00fade da fam\u00edlia, em parceria com o Programa Nacional de Imuniza\u00e7\u00e3o, est\u00e3o montando estrat\u00e9gias para evitar aglomera\u00e7\u00f5es dos idosos. Espa\u00e7os ao ar livre, drive thur e vacina\u00e7\u00e3o porta a porta est\u00e3o entre as t\u00e1ticas que ser\u00e3o utilizadas.<\/p>\n<p style=\"text-align: justify;\">\u201cEstamos passando por um momento diferenciado nesta campanha de vacina\u00e7\u00e3o. Por conta do novo coronav\u00edrus precisamos proteger os nossos idosos e vamos buscar a melhor forma de vacin\u00e1-los sem causar aglomera\u00e7\u00f5es. Todos os profissionais da unidade, como m\u00e9dico, dentista, agente comunit\u00e1rio, recepcionistas, entre outros, estar\u00e3o engajados na vacina\u00e7\u00e3o para evitar concentra\u00e7\u00e3o de idosos\u201d, explicou a coordenadora do Programa Nacional de Imuniza\u00e7\u00e3o \u2013 PNI, Sarah Rafael.<\/p>\n<p style=\"text-align: justify;\">Durante toda esta semana, a Secretaria de Sa\u00fade de Caruaru vai divulgar o calend\u00e1rio de a\u00e7\u00f5es voltadas para a vacina\u00e7\u00e3o pela cidade.<\/p>\n<p style=\"text-align: justify;\">A primeira fase da Campanha de Vacina\u00e7\u00e3o contra gripe segue at\u00e9 o dia 16 de abril, sempre das 8h \u00e0s 17h, de segunda a sexta-feira.<\/p>\n","protected":false},"excerpt":{"rendered":"<p>A Campanha de Vacina\u00e7\u00e3o contra a Gripe come\u00e7a nesta segunda-feira (23) e ter\u00e1 como p\u00fablico-alvo, nesta primeira etapa, idosos acima&hellip;<\/p>\n","protected":false},"author":1,"featured_media":53162,"comment_status":"open","ping_status":"open","sticky":false,"template":"","format":"standard","meta":{"footnotes":""},"categories":[14120],"tags":[2,16881,17604],"class_list":["post-53161","post","type-post","status-publish","format-standard","has-post-thumbnail","hentry","category-noticias","tag-blog-do-edvaldo-magalhaes","tag-caruaru-e-regiao","tag-vacinacao-contra-gripe-comeca-nesta-segunda-feira-23"],"_links":{"self":[{"href":"https:\/\/blogdoedvaldomagalhaes.com.br\/index.php\/wp-json\/wp\/v2\/posts\/53161","targetHints":{"allow":["GET"]}}],"collection":[{"href":"https:\/\/blogdoedvaldomagalhaes.com.br\/index.php\/wp-json\/wp\/v2\/posts"}],"about":[{"href":"https:\/\/blogdoedvaldomagalhaes.com.br\/index.php\/wp-json\/wp\/v2\/types\/post"}],"author":[{"embeddable":true,"href":"https:\/\/blogdoedvaldomagalhaes.com.br\/index.php\/wp-json\/wp\/v2\/users\/1"}],"replies":[{"embeddable":true,"href":"https:\/\/blogdoedvaldomagalhaes.com.br\/index.php\/wp-json\/wp\/v2\/comments?post=53161"}],"version-history":[{"count":1,"href":"https:\/\/blogdoedvaldomagalhaes.com.br\/index.php\/wp-json\/wp\/v2\/posts\/53161\/revisions"}],"predecessor-version":[{"id":53163,"href":"https:\/\/blogdoedvaldomagalhaes.com.br\/index.php\/wp-json\/wp\/v2\/posts\/53161\/revisions\/53163"}],"wp:featuredmedia":[{"embeddable":true,"href":"https:\/\/blogdoedvaldomagalhaes.com.br\/index.php\/wp-json\/wp\/v2\/media\/53162"}],"wp:attachment":[{"href":"https:\/\/blogdoedvaldomagalhaes.com.br\/index.php\/wp-json\/wp\/v2\/media?parent=53161"}],"wp:term":[{"taxonomy":"category","embeddable":true,"href":"https:\/\/blogdoedvaldomagalhaes.com.br\/index.php\/wp-json\/wp\/v2\/categories?post=53161"},{"taxonomy":"post_tag","embeddable":true,"href":"https:\/\/blogdoedvaldomagalhaes.com.br\/index.php\/wp-json\/wp\/v2\/tags?post=53161"}],"curies":[{"name":"wp","href":"https:\/\/api.w.org\/{rel}","templated":true}]}}