{"id":5316,"date":"2017-07-19T20:09:00","date_gmt":"2017-07-19T23:09:00","guid":{"rendered":"http:\/\/blogdoedvaldomagalhaes.com.br\/index.php\/2017\/07\/19\/policia-apreende-celulares-arma-de-fogo\/"},"modified":"2019-02-09T01:36:07","modified_gmt":"2019-02-09T03:36:07","slug":"policia-apreende-celulares-arma-de-fogo","status":"publish","type":"post","link":"https:\/\/blogdoedvaldomagalhaes.com.br\/index.php\/2017\/07\/19\/policia-apreende-celulares-arma-de-fogo\/","title":{"rendered":"Pol\u00edcia apreende celulares, arma de fogo, carro e prende assaltantes em Caruaru"},"content":{"rendered":"<div class=\"separator\" style=\"clear: both; text-align: center;\">\n<a href=\"https:\/\/2.bp.blogspot.com\/-Wj7XmoYQbr0\/WW-8RvlGV4I\/AAAAAAAAZwE\/BOveTnDUoAcXwA25TJmPB6RvL9t7cbiGgCLcBGAs\/s1600\/01.jpg\" imageanchor=\"1\" style=\"margin-left: 1em; margin-right: 1em;\"><img loading=\"lazy\" decoding=\"async\" border=\"0\" data-original-height=\"350\" data-original-width=\"466\" height=\"300\" src=\"http:\/\/blogdoedvaldomagalhaes.com.br\/wp-content\/uploads\/2017\/07\/01.jpg\" width=\"400\" \/><\/a><\/div>\n<div style=\"text-align: justify;\">\n<\/div>\n<div style=\"text-align: justify;\">\nA GT de Opera\u00e7\u00f5es ao realizar abordagem, \u00e0s 14h20 desta quarta-feira (19), em um ve\u00edculo em atitude suspeita, Gol prata G5, com cinco ocupantes, (dois homens e duas mulheres, dois maiores e dois menores de idade), no bairro Jos\u00e9 Carlos de Oliveira, foram apreendidos com os ocupantes, v\u00e1rios celulares de origem n\u00e3o informada e um rev\u00f3lver calibre 32 com 4 muni\u00e7\u00f5es intactas.&nbsp;<\/p>\n<div class=\"separator\" style=\"clear: both; text-align: center;\">\n<a href=\"https:\/\/1.bp.blogspot.com\/-NH_svvru33o\/WW-9EVCjrcI\/AAAAAAAAZwM\/U-ql3-fb8BQtBwXWU_9zI1n2h1NmXbqRACLcBGAs\/s1600\/02.jpg\" imageanchor=\"1\" style=\"margin-left: 1em; margin-right: 1em;\"><img loading=\"lazy\" decoding=\"async\" border=\"0\" data-original-height=\"720\" data-original-width=\"960\" height=\"300\" src=\"http:\/\/blogdoedvaldomagalhaes.com.br\/wp-content\/uploads\/2017\/07\/02-1.jpg\" width=\"400\" \/><\/a><\/div>\n<p>\nOs cinco s\u00e3o acusados de praticarem assaltados h\u00e1 pelo menos uma semana na cidade.<\/p>\n<div class=\"separator\" style=\"clear: both; text-align: center;\">\n<a href=\"http:\/\/blogdoedvaldomagalhaes.com.br\/wp-content\/uploads\/2017\/07\/4-C393tica-16.jpg\" imageanchor=\"1\" style=\"clear: left; float: left; margin-bottom: 1em; margin-right: 1em;\"><img decoding=\"async\" border=\"0\" data-original-height=\"100\" data-original-width=\"570\" src=\"http:\/\/blogdoedvaldomagalhaes.com.br\/wp-content\/uploads\/2017\/07\/4-C393tica-16.jpg\" \/><\/a><\/div>\n<p><\/div>\n","protected":false},"excerpt":{"rendered":"<p>A GT de Opera\u00e7\u00f5es ao realizar abordagem, \u00e0s 14h20 desta quarta-feira (19), em um ve\u00edculo em atitude suspeita, Gol prata&hellip;<\/p>\n","protected":false},"author":1,"featured_media":0,"comment_status":"open","ping_status":"open","sticky":false,"template":"","format":"standard","meta":{"footnotes":""},"categories":[1],"tags":[7042,2,7043,7044,13],"class_list":["post-5316","post","type-post","status-publish","format-standard","hentry","category-sem-categoria","tag-arma-de-fogo","tag-blog-do-edvaldo-magalhaes","tag-carro-e-prende-assaltantes-em-caruaru","tag-policia-apreende-celulares","tag-policial"],"_links":{"self":[{"href":"https:\/\/blogdoedvaldomagalhaes.com.br\/index.php\/wp-json\/wp\/v2\/posts\/5316","targetHints":{"allow":["GET"]}}],"collection":[{"href":"https:\/\/blogdoedvaldomagalhaes.com.br\/index.php\/wp-json\/wp\/v2\/posts"}],"about":[{"href":"https:\/\/blogdoedvaldomagalhaes.com.br\/index.php\/wp-json\/wp\/v2\/types\/post"}],"author":[{"embeddable":true,"href":"https:\/\/blogdoedvaldomagalhaes.com.br\/index.php\/wp-json\/wp\/v2\/users\/1"}],"replies":[{"embeddable":true,"href":"https:\/\/blogdoedvaldomagalhaes.com.br\/index.php\/wp-json\/wp\/v2\/comments?post=5316"}],"version-history":[{"count":1,"href":"https:\/\/blogdoedvaldomagalhaes.com.br\/index.php\/wp-json\/wp\/v2\/posts\/5316\/revisions"}],"predecessor-version":[{"id":22261,"href":"https:\/\/blogdoedvaldomagalhaes.com.br\/index.php\/wp-json\/wp\/v2\/posts\/5316\/revisions\/22261"}],"wp:attachment":[{"href":"https:\/\/blogdoedvaldomagalhaes.com.br\/index.php\/wp-json\/wp\/v2\/media?parent=5316"}],"wp:term":[{"taxonomy":"category","embeddable":true,"href":"https:\/\/blogdoedvaldomagalhaes.com.br\/index.php\/wp-json\/wp\/v2\/categories?post=5316"},{"taxonomy":"post_tag","embeddable":true,"href":"https:\/\/blogdoedvaldomagalhaes.com.br\/index.php\/wp-json\/wp\/v2\/tags?post=5316"}],"curies":[{"name":"wp","href":"https:\/\/api.w.org\/{rel}","templated":true}]}}