{"id":53158,"date":"2020-03-22T17:33:20","date_gmt":"2020-03-22T20:33:20","guid":{"rendered":"http:\/\/blogdoedvaldomagalhaes.com.br\/?p=53158"},"modified":"2020-03-22T17:33:24","modified_gmt":"2020-03-22T20:33:24","slug":"governador-de-pernambuco-libera-servidores-mantendo-apenas-os-servicos-essenciais","status":"publish","type":"post","link":"https:\/\/blogdoedvaldomagalhaes.com.br\/index.php\/2020\/03\/22\/governador-de-pernambuco-libera-servidores-mantendo-apenas-os-servicos-essenciais\/","title":{"rendered":"Governador de Pernambuco libera servidores, mantendo apenas os servi\u00e7os essenciais"},"content":{"rendered":"<p style=\"text-align: justify;\"><span style=\"font-size: inherit;\">Com o objetivo de conter o avan\u00e7o do coronav\u00edrus dentro da pr\u00f3pria administra\u00e7\u00e3o de Pernambuco, o governador Paulo C\u00e2mara estabeleceu, neste domingo (22.03), medidas restritivas voltadas para os servidores estaduais, que passam a valer a partir desta segunda-feira (23). Por meio de decreto, o Governo determina que o atendimento presencial prestado por \u00f3rg\u00e3os estaduais deve ser substitu\u00eddo por atendimento remoto, e orienta ainda a ado\u00e7\u00e3o do sistema de rod\u00edzio no caso dos servi\u00e7os presenciais necess\u00e1rios \u00e0s a\u00e7\u00f5es de enfrentamento \u00e0 Covid-19 no Estado. A iniciativa busca reduzir a exposi\u00e7\u00e3o dos servidores a eventuais fatores de risco.<\/span><\/p>\n<p style=\"text-align: justify;\">Prestadores de servi\u00e7o terceirizados que atuam na administra\u00e7\u00e3o estadual tamb\u00e9m est\u00e3o enquadrados no decreto. As novas determina\u00e7\u00f5es, por\u00e9m, n\u00e3o se aplicam aos servi\u00e7os p\u00fablicos essenciais e presenciais, a exemplo das \u00e1reas de sa\u00fade, seguran\u00e7a p\u00fablica, preven\u00e7\u00e3o e assist\u00eancia social, transporte p\u00fablico, infraestrutura e recursos h\u00eddricos, abastecimento de \u00e1gua, seguran\u00e7a alimentar, sistema prisional e socioeducativo e defesa do consumidor.<\/p>\n<p style=\"text-align: justify;\">O decreto estabelece ainda que os servi\u00e7os p\u00fablicos podem ser acessados pelo Portal do Cidad\u00e3o, no site www.pecidadao.pe.gov.br, bem como nos endere\u00e7os eletr\u00f4nicos dos \u00f3rg\u00e3os respons\u00e1veis pela respectiva presta\u00e7\u00e3o do servi\u00e7o desejado. D\u00favidas e orienta\u00e7\u00f5es devem ser encaminhadas \u00e0 Rede de Ouvidorias do Estado, dispon\u00edvel em www.ouvidoria.pe.gov.br.<\/p>\n<p style=\"text-align: justify;\">N\u00daMEROS \u2013 Nas \u00faltimas 24 horas, Pernambuco registrou quatro novos casos confirmados, sendo 03 (tr\u00eas) no Recife e 01 (um) em Olinda.Agora, s\u00e3o 37 confirma\u00e7\u00f5es,\u00a0 tr\u00eas casos prov\u00e1veis e 310 casos em investiga\u00e7\u00e3o. Outros 375 j\u00e1 foram examinados e descartados pelos m\u00e9dicos.<\/p>\n","protected":false},"excerpt":{"rendered":"<p>Com o objetivo de conter o avan\u00e7o do coronav\u00edrus dentro da pr\u00f3pria administra\u00e7\u00e3o de Pernambuco, o governador Paulo C\u00e2mara estabeleceu,&hellip;<\/p>\n","protected":false},"author":1,"featured_media":53159,"comment_status":"open","ping_status":"open","sticky":false,"template":"","format":"standard","meta":{"footnotes":""},"categories":[14122],"tags":[2,16881,17602,17603],"class_list":["post-53158","post","type-post","status-publish","format-standard","has-post-thumbnail","hentry","category-politica","tag-blog-do-edvaldo-magalhaes","tag-caruaru-e-regiao","tag-governador-de-pernambuco-libera-servidores","tag-mantendo-apenas-os-servicos-essenciais"],"_links":{"self":[{"href":"https:\/\/blogdoedvaldomagalhaes.com.br\/index.php\/wp-json\/wp\/v2\/posts\/53158","targetHints":{"allow":["GET"]}}],"collection":[{"href":"https:\/\/blogdoedvaldomagalhaes.com.br\/index.php\/wp-json\/wp\/v2\/posts"}],"about":[{"href":"https:\/\/blogdoedvaldomagalhaes.com.br\/index.php\/wp-json\/wp\/v2\/types\/post"}],"author":[{"embeddable":true,"href":"https:\/\/blogdoedvaldomagalhaes.com.br\/index.php\/wp-json\/wp\/v2\/users\/1"}],"replies":[{"embeddable":true,"href":"https:\/\/blogdoedvaldomagalhaes.com.br\/index.php\/wp-json\/wp\/v2\/comments?post=53158"}],"version-history":[{"count":1,"href":"https:\/\/blogdoedvaldomagalhaes.com.br\/index.php\/wp-json\/wp\/v2\/posts\/53158\/revisions"}],"predecessor-version":[{"id":53160,"href":"https:\/\/blogdoedvaldomagalhaes.com.br\/index.php\/wp-json\/wp\/v2\/posts\/53158\/revisions\/53160"}],"wp:featuredmedia":[{"embeddable":true,"href":"https:\/\/blogdoedvaldomagalhaes.com.br\/index.php\/wp-json\/wp\/v2\/media\/53159"}],"wp:attachment":[{"href":"https:\/\/blogdoedvaldomagalhaes.com.br\/index.php\/wp-json\/wp\/v2\/media?parent=53158"}],"wp:term":[{"taxonomy":"category","embeddable":true,"href":"https:\/\/blogdoedvaldomagalhaes.com.br\/index.php\/wp-json\/wp\/v2\/categories?post=53158"},{"taxonomy":"post_tag","embeddable":true,"href":"https:\/\/blogdoedvaldomagalhaes.com.br\/index.php\/wp-json\/wp\/v2\/tags?post=53158"}],"curies":[{"name":"wp","href":"https:\/\/api.w.org\/{rel}","templated":true}]}}