{"id":53155,"date":"2020-03-22T17:16:23","date_gmt":"2020-03-22T20:16:23","guid":{"rendered":"http:\/\/blogdoedvaldomagalhaes.com.br\/?p=53155"},"modified":"2020-03-22T17:16:29","modified_gmt":"2020-03-22T20:16:29","slug":"cupira-confecciona-mascaras-e-aventais-descartaveis-para-profissionais-da-regiao","status":"publish","type":"post","link":"https:\/\/blogdoedvaldomagalhaes.com.br\/index.php\/2020\/03\/22\/cupira-confecciona-mascaras-e-aventais-descartaveis-para-profissionais-da-regiao\/","title":{"rendered":"Cupira confecciona m\u00e1scaras e aventais descart\u00e1veis para profissionais da regi\u00e3o"},"content":{"rendered":"<p style=\"text-align: justify;\"><span style=\"font-size: inherit;\">Agrestina, S\u00e3o Joaquim do Monte, Jurema e o Hospital Ot\u00e1vio de Freitas confirmam parceria com o CVT para aquisi\u00e7\u00e3o dos EPIs. O munic\u00edpio n\u00e3o cobra pelo servi\u00e7o, apenas que os interessados forne\u00e7am mat\u00e9ria prima.<\/span><\/p>\n<p style=\"text-align: justify;\">O munic\u00edpio de Cupira est\u00e1 confeccionando, inicialmente, mais de mil m\u00e1scaras de prote\u00e7\u00e3o f\u00e1cil descart\u00e1veis e mil aventais descart\u00e1veis para a rede Municipal de Sa\u00fade. Os n\u00fameros da produ\u00e7\u00e3o podem aumentar de acordo com a necessidade.<\/p>\n<p style=\"text-align: justify;\">Esses equipamentos de prote\u00e7\u00e3o individual descart\u00e1veis est\u00e3o sendo distribu\u00eddos gratuitamente para os profissionais de sa\u00fade do Hospital Municipal Jos\u00e9 Ver\u00edssimo de Souza, para as unidades b\u00e1sicas de sa\u00fade, para postos de atendimento em sa\u00fade e demais programas da rede.<\/p>\n<p style=\"text-align: justify;\">As cidades de Agrestina, S\u00e3o Joaquim do Monte, Jurema e o Hospital Ot\u00e1vio de Freitas confirmaram parceria com o CVT de Cupira, para aquisi\u00e7\u00e3o dos EPIs. O Munic\u00edpio de Cupira n\u00e3o cobra pelo servi\u00e7o, apenas que as cidades e os hospitais interessados forne\u00e7am a mat\u00e9ria prima. V\u00e1rios empres\u00e1rios locais est\u00e3o participando do projeto, com ajuda financeira e m\u00e3o de obra gratuita, no objetivo de conter o COVID-19.<\/p>\n<p style=\"text-align: justify;\">A confec\u00e7\u00e3o dos EPIs \u00e9 realizada no Centro Vocacional Tecnol\u00f3gico \u2013 CVT\/ Miguel Arraes de Alencar. Os itens produzidos s\u00e3o esterilizados e higienizados seguindo as orienta\u00e7\u00f5es dos \u00f3rg\u00e3os de sa\u00fade.<\/p>\n<p style=\"text-align: justify;\">Dentre as principais medidas adotadas pelo munic\u00edpio para evitar a propaga\u00e7\u00e3o do COVID-19 foram a suspens\u00e3o das atividades da rede municipal de ensino, dos programas sociais, das restri\u00e7\u00f5es dos servi\u00e7os prestados pela secretaria de sa\u00fade, das restri\u00e7\u00f5es nas feiras livres e no com\u00e9rcio local, assim como campanhas de orienta\u00e7\u00e3o e conscientiza\u00e7\u00e3o sobre as medidas que os mun\u00edcipes devem seguir para evitar o Coronav\u00edrus.<\/p>\n","protected":false},"excerpt":{"rendered":"<p>Agrestina, S\u00e3o Joaquim do Monte, Jurema e o Hospital Ot\u00e1vio de Freitas confirmam parceria com o CVT para aquisi\u00e7\u00e3o dos&hellip;<\/p>\n","protected":false},"author":1,"featured_media":53156,"comment_status":"open","ping_status":"open","sticky":false,"template":"","format":"standard","meta":{"footnotes":""},"categories":[14120],"tags":[2,16881,17601],"class_list":["post-53155","post","type-post","status-publish","format-standard","has-post-thumbnail","hentry","category-noticias","tag-blog-do-edvaldo-magalhaes","tag-caruaru-e-regiao","tag-cupira-confecciona-mascaras-e-aventais-descartaveis-para-profissionais-da-regiao"],"_links":{"self":[{"href":"https:\/\/blogdoedvaldomagalhaes.com.br\/index.php\/wp-json\/wp\/v2\/posts\/53155","targetHints":{"allow":["GET"]}}],"collection":[{"href":"https:\/\/blogdoedvaldomagalhaes.com.br\/index.php\/wp-json\/wp\/v2\/posts"}],"about":[{"href":"https:\/\/blogdoedvaldomagalhaes.com.br\/index.php\/wp-json\/wp\/v2\/types\/post"}],"author":[{"embeddable":true,"href":"https:\/\/blogdoedvaldomagalhaes.com.br\/index.php\/wp-json\/wp\/v2\/users\/1"}],"replies":[{"embeddable":true,"href":"https:\/\/blogdoedvaldomagalhaes.com.br\/index.php\/wp-json\/wp\/v2\/comments?post=53155"}],"version-history":[{"count":1,"href":"https:\/\/blogdoedvaldomagalhaes.com.br\/index.php\/wp-json\/wp\/v2\/posts\/53155\/revisions"}],"predecessor-version":[{"id":53157,"href":"https:\/\/blogdoedvaldomagalhaes.com.br\/index.php\/wp-json\/wp\/v2\/posts\/53155\/revisions\/53157"}],"wp:featuredmedia":[{"embeddable":true,"href":"https:\/\/blogdoedvaldomagalhaes.com.br\/index.php\/wp-json\/wp\/v2\/media\/53156"}],"wp:attachment":[{"href":"https:\/\/blogdoedvaldomagalhaes.com.br\/index.php\/wp-json\/wp\/v2\/media?parent=53155"}],"wp:term":[{"taxonomy":"category","embeddable":true,"href":"https:\/\/blogdoedvaldomagalhaes.com.br\/index.php\/wp-json\/wp\/v2\/categories?post=53155"},{"taxonomy":"post_tag","embeddable":true,"href":"https:\/\/blogdoedvaldomagalhaes.com.br\/index.php\/wp-json\/wp\/v2\/tags?post=53155"}],"curies":[{"name":"wp","href":"https:\/\/api.w.org\/{rel}","templated":true}]}}