{"id":53152,"date":"2020-03-22T15:43:44","date_gmt":"2020-03-22T18:43:44","guid":{"rendered":"http:\/\/blogdoedvaldomagalhaes.com.br\/?p=53152"},"modified":"2020-03-22T15:43:44","modified_gmt":"2020-03-22T18:43:44","slug":"jovem-e-detido-com-arma-e-carro-furtado-em-caruaru","status":"publish","type":"post","link":"https:\/\/blogdoedvaldomagalhaes.com.br\/index.php\/2020\/03\/22\/jovem-e-detido-com-arma-e-carro-furtado-em-caruaru\/","title":{"rendered":"Jovem \u00e9 detido com arma e carro furtado em Caruaru"},"content":{"rendered":"<p style=\"text-align: justify;\"><span style=\"font-size: inherit;\">Um jovem de 21 anos, que n\u00e3o teve o nome revelado, portava um rev\u00f3lver dentro de um carro furtado foi detido nesse s\u00e1bado (21), pela Pol\u00edcia Rodovi\u00e1ria Federal (PRF), na BR 104, em Caruaru, no Agreste de Pernambuco. O ve\u00edculo possu\u00eda registro de furto no dia anterior em Tacaimb\u00f3, tamb\u00e9m no Agreste.<\/span><\/p>\n<p style=\"text-align: justify;\">Policiais realizavam uma ronda no quil\u00f4metro 33 da rodovia, quando deram ordem de parada ao motorista de um carro, que n\u00e3o obedeceu e tentou fugir da abordagem. De repente, o ve\u00edculo parou e o passageiro desceu correndo para um matagal.<\/p>\n<p style=\"text-align: justify;\">Ao abordar o motorista, os policiais constataram que se tratava de um autom\u00f3vel furtado e encontraram um rev\u00f3lver calibre .32, carregado com quatro muni\u00e7\u00f5es, no interior do ve\u00edculo.<\/p>\n<p style=\"text-align: justify;\">O condutor informou que havia adquirido a arma em Caruaru por R$ 800,00. Sobre o carro, ele informou que havia sido convidado por um amigo que estaria de posse do ve\u00edculo, para se encontrar no Terminal Rodovi\u00e1rio da cidade.<\/p>\n<p style=\"text-align: justify;\">O jovem foi encaminhado \u00e0 delegacia de Pol\u00edcia Civil de Caruaru, junto com a arma e o ve\u00edculo furtado. No local, foi descoberto que ele possu\u00eda passagem na pol\u00edcia por recepta\u00e7\u00e3o e tentativa de homic\u00eddio.<\/p>\n","protected":false},"excerpt":{"rendered":"<p>Um jovem de 21 anos, que n\u00e3o teve o nome revelado, portava um rev\u00f3lver dentro de um carro furtado foi&hellip;<\/p>\n","protected":false},"author":1,"featured_media":53153,"comment_status":"open","ping_status":"open","sticky":false,"template":"","format":"standard","meta":{"footnotes":""},"categories":[14121],"tags":[16881,17600],"class_list":["post-53152","post","type-post","status-publish","format-standard","has-post-thumbnail","hentry","category-policial","tag-caruaru-e-regiao","tag-jovem-e-detido-com-arma-e-carro-furtado-em-caruaru"],"_links":{"self":[{"href":"https:\/\/blogdoedvaldomagalhaes.com.br\/index.php\/wp-json\/wp\/v2\/posts\/53152","targetHints":{"allow":["GET"]}}],"collection":[{"href":"https:\/\/blogdoedvaldomagalhaes.com.br\/index.php\/wp-json\/wp\/v2\/posts"}],"about":[{"href":"https:\/\/blogdoedvaldomagalhaes.com.br\/index.php\/wp-json\/wp\/v2\/types\/post"}],"author":[{"embeddable":true,"href":"https:\/\/blogdoedvaldomagalhaes.com.br\/index.php\/wp-json\/wp\/v2\/users\/1"}],"replies":[{"embeddable":true,"href":"https:\/\/blogdoedvaldomagalhaes.com.br\/index.php\/wp-json\/wp\/v2\/comments?post=53152"}],"version-history":[{"count":1,"href":"https:\/\/blogdoedvaldomagalhaes.com.br\/index.php\/wp-json\/wp\/v2\/posts\/53152\/revisions"}],"predecessor-version":[{"id":53154,"href":"https:\/\/blogdoedvaldomagalhaes.com.br\/index.php\/wp-json\/wp\/v2\/posts\/53152\/revisions\/53154"}],"wp:featuredmedia":[{"embeddable":true,"href":"https:\/\/blogdoedvaldomagalhaes.com.br\/index.php\/wp-json\/wp\/v2\/media\/53153"}],"wp:attachment":[{"href":"https:\/\/blogdoedvaldomagalhaes.com.br\/index.php\/wp-json\/wp\/v2\/media?parent=53152"}],"wp:term":[{"taxonomy":"category","embeddable":true,"href":"https:\/\/blogdoedvaldomagalhaes.com.br\/index.php\/wp-json\/wp\/v2\/categories?post=53152"},{"taxonomy":"post_tag","embeddable":true,"href":"https:\/\/blogdoedvaldomagalhaes.com.br\/index.php\/wp-json\/wp\/v2\/tags?post=53152"}],"curies":[{"name":"wp","href":"https:\/\/api.w.org\/{rel}","templated":true}]}}