{"id":53147,"date":"2020-03-22T15:19:43","date_gmt":"2020-03-22T18:19:43","guid":{"rendered":"http:\/\/blogdoedvaldomagalhaes.com.br\/?p=53147"},"modified":"2020-03-22T15:29:22","modified_gmt":"2020-03-22T18:29:22","slug":"saiba-como-ficarao-consultas-exames-e-entrega-de-colirio-para-glaucoma-em-caruaru","status":"publish","type":"post","link":"https:\/\/blogdoedvaldomagalhaes.com.br\/index.php\/2020\/03\/22\/saiba-como-ficarao-consultas-exames-e-entrega-de-colirio-para-glaucoma-em-caruaru\/","title":{"rendered":"Saiba como ficar\u00e3o consultas, exames e entrega de col\u00edrio para glaucoma em Caruaru"},"content":{"rendered":"<p style=\"text-align: justify;\"><span style=\"font-size: inherit;\">Considerando a atual situa\u00e7\u00e3o de emerg\u00eancia epidemiol\u00f3gica em torno da pandemia do Covid-19, a Secretaria de Sa\u00fade de Caruaru, seguindo o Decreto n\u00b0 024, de 15 de mar\u00e7o de 2020 e as Portarias n\u00ba 001\/2020 e Portaria GP 02\/2020 publicas no Di\u00e1rio Oficial do munic\u00edpio de Caruaru nos dias 16 e 17 de mar\u00e7o de 2020, respectivamente, informa que, a partir da pr\u00f3xima segunda-feira (23\/03), os servi\u00e7os abaixo especificados v\u00e3o entrar em atendimento especial, enquanto as medidas de controle do Covid-19 estejam vigentes.<\/span><\/p>\n<p style=\"text-align: justify;\">O objetivo principal do atendimento especial \u00e9 evitar a contamina\u00e7\u00e3o das pessoas pelo novo coronav\u00edrus, bem como garantir assist\u00eancia com seguran\u00e7a para a popula\u00e7\u00e3o; desestimular a circula\u00e7\u00e3o de pessoas em ruas e servi\u00e7os de sa\u00fade; esclarecer d\u00favidas e realizar atividades de preven\u00e7\u00e3o de doen\u00e7a e promo\u00e7\u00e3o da sa\u00fade.<\/p>\n<p style=\"text-align: justify;\">O atendimento especial nos servi\u00e7os consistir\u00e1 de duas frentes principais: o atendimento multiprofissional por telefone (Disk Covid-19) e atendimento presencial em situa\u00e7\u00f5es excepcionais e pr\u00e9-definidas.<\/p>\n<p style=\"text-align: justify;\">1. Atendimento multiprofissional por telefone (0800 \/ CALL CENTER)<\/p>\n<p style=\"text-align: justify;\">Os atendimentos agendados nos servi\u00e7os ambulatoriais especializados entrar\u00e3o em regime especial, a partir do dia 23 de mar\u00e7o. Os profissionais de sa\u00fade desses servi\u00e7os poder\u00e3o ser deslocados de acordo com a necessidade da Secretaria Municipal de Sa\u00fade.<\/p>\n<p style=\"text-align: justify;\">Tamb\u00e9m ser\u00e1 implantado um servi\u00e7o de atendimento \u00e0 dist\u00e2ncia, pelo Call Center que servir\u00e1 para as pessoas tirarem d\u00favidas sobre os seguintes aspectos do cuidado ao Covid-19:<br \/>\u25cf Avalia\u00e7\u00e3o se os sinais e sintomas s\u00e3o compat\u00edveis com a doen\u00e7a;<br \/>\u25cf Orienta\u00e7\u00f5es sobre os cuidados gerais para preven\u00e7\u00e3o da doen\u00e7a;<br \/>\u25cf Orienta\u00e7\u00f5es sobre o isolamento domiciliar;<br \/>\u25cf Orienta\u00e7\u00f5es sobre o melhor servi\u00e7o de sa\u00fade para procurar a partir da situa\u00e7\u00e3o cl\u00ednica da pessoa;<\/p>\n<p style=\"text-align: justify;\">O atendimento ser\u00e1 de segunda a sexta, das 7h \u00e0s 17h, ininterruptamente, pelo telefone 0800 281 7080. Os atendimentos ser\u00e3o registrados em planilha espec\u00edfica, atrav\u00e9s do n\u00famero do protocolo da liga\u00e7\u00e3o, nome da pessoa e bairro onde mora.<\/p>\n<p style=\"text-align: justify;\">2. Atendimento presencial em situa\u00e7\u00f5es excepcionais e pr\u00e9-definidas<\/p>\n<p style=\"text-align: justify;\">Alguns servi\u00e7os presenciais dos ambulat\u00f3rios especializados ter\u00e3o as suas atividades mantidas. Confira como vai ficar:<\/p>\n<p style=\"text-align: justify;\">AME Infantojuvenil<br \/>&#8211; Psiquiatria e neurologia: prescri\u00e7\u00e3o de medica\u00e7\u00e3o controlada de uso cont\u00ednuo;<br \/>&#8211; Farm\u00e1cia;<\/p>\n<p style=\"text-align: justify;\">AME Caiuc\u00e1<br \/>&#8211; Neurologia e endocrinologia: prescri\u00e7\u00e3o de medica\u00e7\u00e3o controlada de uso cont\u00ednuo;<br \/>&#8211; Ambulat\u00f3rio de curativos;<br \/>&#8211; Farm\u00e1cia;<\/p>\n<p style=\"text-align: justify;\">Ambulat\u00f3rio de Sa\u00fade Mental<br \/>&#8211; Psiquiatria: prescri\u00e7\u00e3o de medica\u00e7\u00e3o controlada de uso cont\u00ednuo;<br \/>&#8211; Farm\u00e1cia;<\/p>\n<p style=\"text-align: justify;\">AME Indian\u00f3polis<br \/>&#8211; Neurologia, endocrinologia e reumatologia: prescri\u00e7\u00e3o de medica\u00e7\u00e3o controlada de uso cont\u00ednuo;<br \/>&#8211; Farm\u00e1cia;<\/p>\n<p style=\"text-align: justify;\">AME Sa\u00fade da Mulher<br \/>&#8211; Pr\u00e9-Natal de alto risco;<br \/>&#8211; Farm\u00e1cia;<\/p>\n<p style=\"text-align: justify;\">CAPS III e AD III<br \/>&#8211; Acolhimento;<br \/>&#8211; Atendimento psiqui\u00e1trico ou m\u00e9dico;<br \/>&#8211; Atendimento de pernoite;<br \/>&#8211; Farm\u00e1cia;<\/p>\n<p style=\"text-align: justify;\">Centro de Testagem e Aconselhamento (CTA)<br \/>&#8211; Acolhimento, testagem, aconselhamento, profilaxia pr\u00e9 e p\u00f3s exposi\u00e7\u00e3o ao HIV, tratamento e acompanhamento de s\u00edfilis;<\/p>\n<p style=\"text-align: justify;\">Centro de Sa\u00fade Am\u00e9lia Pontes<br \/>&#8211; Infectologia: pacientes com primeiro diagn\u00f3stico de HIV, gestantes e pacientes portadores de HIV com intercorr\u00eancias cl\u00ednicas relacionadas a medica\u00e7\u00e3o;<br \/>&#8211; Farm\u00e1cia;<br \/>&#8211; Hepatologista: Laudo de solicita\u00e7\u00e3o de medicamentos &#8211; LME<br \/>&#8211; Pneumologia: pacientes de tuberculose, exacerba\u00e7\u00e3o de DPOC e asma cr\u00f4nica e neoplasia pulmonar.<br \/>&#8211; Realiza\u00e7\u00e3o PPD para casos espec\u00edficos determinados pela equipe multiprofissional.<\/p>\n<p style=\"text-align: justify;\">Centro de Imagem Municipal (CIM)<br \/>&#8211; USG obst\u00e9trica, bi\u00f3psias de mama, tire\u00f3ide e pr\u00f3stata:<br \/>&#8211; Mamografia: apenas para pacientes com c\u00e2ncer de mama ou alto risco de CA de mama.<\/p>\n<p style=\"text-align: justify;\">Unidade de Fisioterapia<br \/>&#8211; Nenhuma atividade ser\u00e1 mantida<\/p>\n<p style=\"text-align: justify;\">Unidade de Sa\u00fade Auditiva<br \/>&#8211; Nenhuma atividade ser\u00e1 mantida<\/p>\n<p style=\"text-align: justify;\">Laborat\u00f3rio Central<br \/>&#8211; Realiza\u00e7\u00e3o de exames das gestantes, pacientes com tuberculose ou suspeita de tuberculose, direcionados da Aten\u00e7\u00e3o B\u00e1sica.<\/p>\n<p style=\"text-align: justify;\">LACIAN<br \/>&#8211; Manuten\u00e7\u00e3o de todos os servi\u00e7os<\/p>\n<p style=\"text-align: justify;\">Os demais servi\u00e7os especializados, que n\u00e3o est\u00e3o descritos, ser\u00e3o suspensos at\u00e9 determina\u00e7\u00e3o da Secretaria Municipal de Sa\u00fade.<\/p>\n<p style=\"text-align: justify;\">3. Atendimento multiprofissional por telefone (Disque &#8211; AME Idoso)<\/p>\n<p style=\"text-align: justify;\">A partir do dia 23 de mar\u00e7o, n\u00e3o haver\u00e1 mais agendamento para consultas e exames atrav\u00e9s do INFOCRAS e da NOA no AME Sa\u00fade do Idoso, a fim de diminuir a circula\u00e7\u00e3o de idosos na unidade.<\/p>\n<p style=\"text-align: justify;\">Para n\u00e3o causar desassist\u00eancia, a Secretaria de Sa\u00fade de Caruaru est\u00e1 disponibilizado um n\u00famero de telefone para que o idoso, seus familiares ou respons\u00e1veis possam entrar em contato com a unidade com as demandas urgentes.<\/p>\n<p style=\"text-align: justify;\">Demandas urgentes s\u00e3o definidas como situa\u00e7\u00f5es na qual h\u00e1 risco de perda funcional de \u00f3rg\u00e3o, piora substancial do quadro cl\u00ednico do idoso, impacto negativo nas atividades da vida di\u00e1ria ou risco de morte.<\/p>\n<p style=\"text-align: justify;\">O atendimento no Disque &#8211; AME Idoso ser\u00e1 das 7h \u00e0s 17h, ininterruptas, de segunda a sexta-feira, atrav\u00e9s dos telefones: 3701.1426 e (81) 98816.2463 (liga\u00e7\u00f5es e whatsapp).<\/p>\n<p style=\"text-align: justify;\">Em algumas situa\u00e7\u00f5es, em car\u00e1ter excepcional, alguns atendimentos ofertados no AME Sa\u00fade do Idoso poder\u00e3o ser realizados em domic\u00edlio. As equipes de reabilita\u00e7\u00e3o (fisioterapia e terapia ocupacional) ir\u00e3o suspender as terapias presenciais no AME Idoso. A equipe ir\u00e1 avaliar as situa\u00e7\u00f5es em que a suspens\u00e3o da fisioterapia ir\u00e1 causar perda funcional de \u00f3rg\u00e3o, piora substancial do quadro cl\u00ednico do idoso ou impacto substancialmente negativo nas atividades da vida di\u00e1ria. Para essas situa\u00e7\u00f5es, a equipe de fisioterapia e TO poder\u00e1 ir ao domic\u00edlio do idoso para realizar algumas atividades que podem ser feitas nesse ambiente e ofertar orienta\u00e7\u00f5es para a manuten\u00e7\u00e3o da terapia em domic\u00edlio. A equipe do NASF tamb\u00e9m poder\u00e1 realizar esse atendimento, sob a articula\u00e7\u00e3o dos fisioterapeutas do AME Idoso.<\/p>\n<p style=\"text-align: justify;\">A equipe de enfermagem, psicologia e m\u00e9dica poder\u00e1 realizar atendimentos domiciliares a partir da demanda obtida no Disque- AME Idoso para pessoas j\u00e1 acompanhadas no servi\u00e7o. O crit\u00e9rio para a realiza\u00e7\u00e3o desse atendimento \u00e9 a avalia\u00e7\u00e3o de quadro cl\u00ednico do idoso quando este n\u00e3o pode ser definido \u00e0 dist\u00e2ncia. A equipe ir\u00e1 avaliar se a necessidade do atendimento ser\u00e1 realizada pela enfermagem, psicologia e\/ou m\u00e9dico. Preferencialmente, o m\u00e9dico, no seu turno habitual de atendimento, ficar\u00e1 na unidade para as demandas do Disque &#8211; AME Idoso.<\/p>\n<p style=\"text-align: justify;\">4. Programa de Glaucoma<\/p>\n<p style=\"text-align: justify;\">Com o intuito de dar continuidade ao Programa de Glaucoma durante a pandemia COVID-19, seguindo a recomenda\u00e7\u00e3o de distanciamento social necess\u00e1rio, nesse primeiro momento, a Secretaria Municipal de Sa\u00fade estabeleceu junto ao prestador credenciado a entrega domiciliar dos col\u00edrios para todos os pacientes, que consideramos a mais segura, por evitar que os pacientes se exponham ao contato social.<\/p>\n<p style=\"text-align: justify;\">5. Unidades de Sa\u00fade da Fam\u00edlia<\/p>\n<p style=\"text-align: justify;\">O atendimento nas unidades da Aten\u00e7\u00e3o B\u00e1sica (PSFs) continuar\u00e1 funcionando para hipertensos, diab\u00e9ticos, gestantes e pacientes com medicamentos de uso cont\u00ednuo. A orienta\u00e7\u00e3o \u00e9 que n\u00e3o procurem a unidade de sa\u00fade para servi\u00e7os ambulatoriais que possam ser reagendados.<\/p>\n\n\n<figure class=\"wp-block-image size-large\"><img loading=\"lazy\" decoding=\"async\" width=\"1024\" height=\"1024\" src=\"http:\/\/blogdoedvaldomagalhaes.com.br\/wp-content\/uploads\/2020\/03\/IMG-20200322-WA0091-1024x1024.jpg\" alt=\"\" class=\"wp-image-53150\" srcset=\"https:\/\/blogdoedvaldomagalhaes.com.br\/wp-content\/uploads\/2020\/03\/IMG-20200322-WA0091-1024x1024.jpg 1024w, https:\/\/blogdoedvaldomagalhaes.com.br\/wp-content\/uploads\/2020\/03\/IMG-20200322-WA0091-300x300.jpg 300w, https:\/\/blogdoedvaldomagalhaes.com.br\/wp-content\/uploads\/2020\/03\/IMG-20200322-WA0091-150x150.jpg 150w, https:\/\/blogdoedvaldomagalhaes.com.br\/wp-content\/uploads\/2020\/03\/IMG-20200322-WA0091-768x768.jpg 768w, https:\/\/blogdoedvaldomagalhaes.com.br\/wp-content\/uploads\/2020\/03\/IMG-20200322-WA0091.jpg 1280w\" sizes=\"auto, (max-width: 1024px) 100vw, 1024px\" \/><\/figure>\n","protected":false},"excerpt":{"rendered":"<p>Considerando a atual situa\u00e7\u00e3o de emerg\u00eancia epidemiol\u00f3gica em torno da pandemia do Covid-19, a Secretaria de Sa\u00fade de Caruaru, seguindo&hellip;<\/p>\n","protected":false},"author":1,"featured_media":53148,"comment_status":"open","ping_status":"open","sticky":false,"template":"","format":"standard","meta":{"footnotes":""},"categories":[14120],"tags":[2,16881,17598,17597],"class_list":["post-53147","post","type-post","status-publish","format-standard","has-post-thumbnail","hentry","category-noticias","tag-blog-do-edvaldo-magalhaes","tag-caruaru-e-regiao","tag-exames-e-entrega-de-colirio-para-glaucoma-em-caruaru","tag-saiba-como-ficarao-consultas"],"_links":{"self":[{"href":"https:\/\/blogdoedvaldomagalhaes.com.br\/index.php\/wp-json\/wp\/v2\/posts\/53147","targetHints":{"allow":["GET"]}}],"collection":[{"href":"https:\/\/blogdoedvaldomagalhaes.com.br\/index.php\/wp-json\/wp\/v2\/posts"}],"about":[{"href":"https:\/\/blogdoedvaldomagalhaes.com.br\/index.php\/wp-json\/wp\/v2\/types\/post"}],"author":[{"embeddable":true,"href":"https:\/\/blogdoedvaldomagalhaes.com.br\/index.php\/wp-json\/wp\/v2\/users\/1"}],"replies":[{"embeddable":true,"href":"https:\/\/blogdoedvaldomagalhaes.com.br\/index.php\/wp-json\/wp\/v2\/comments?post=53147"}],"version-history":[{"count":2,"href":"https:\/\/blogdoedvaldomagalhaes.com.br\/index.php\/wp-json\/wp\/v2\/posts\/53147\/revisions"}],"predecessor-version":[{"id":53151,"href":"https:\/\/blogdoedvaldomagalhaes.com.br\/index.php\/wp-json\/wp\/v2\/posts\/53147\/revisions\/53151"}],"wp:featuredmedia":[{"embeddable":true,"href":"https:\/\/blogdoedvaldomagalhaes.com.br\/index.php\/wp-json\/wp\/v2\/media\/53148"}],"wp:attachment":[{"href":"https:\/\/blogdoedvaldomagalhaes.com.br\/index.php\/wp-json\/wp\/v2\/media?parent=53147"}],"wp:term":[{"taxonomy":"category","embeddable":true,"href":"https:\/\/blogdoedvaldomagalhaes.com.br\/index.php\/wp-json\/wp\/v2\/categories?post=53147"},{"taxonomy":"post_tag","embeddable":true,"href":"https:\/\/blogdoedvaldomagalhaes.com.br\/index.php\/wp-json\/wp\/v2\/tags?post=53147"}],"curies":[{"name":"wp","href":"https:\/\/api.w.org\/{rel}","templated":true}]}}