{"id":53133,"date":"2020-03-21T19:54:18","date_gmt":"2020-03-21T22:54:18","guid":{"rendered":"http:\/\/blogdoedvaldomagalhaes.com.br\/?p=53133"},"modified":"2020-03-21T20:01:15","modified_gmt":"2020-03-21T23:01:15","slug":"tony-gel-pede-que-municipios-acolham-moradores-de-rua","status":"publish","type":"post","link":"https:\/\/blogdoedvaldomagalhaes.com.br\/index.php\/2020\/03\/21\/tony-gel-pede-que-municipios-acolham-moradores-de-rua\/","title":{"rendered":"Tony Gel pede que munic\u00edpios acolham moradores de rua"},"content":{"rendered":"<p style=\"text-align: justify;\">O Deputado Estadual Tony Gel (MDB), est\u00e1 apresentando indica\u00e7\u00e3o ao Governador do Estado, aos 184 prefeitos e prefeitas e ao Administrador de Fernando de Noronha, para que as popula\u00e7\u00f5es EM SITUA\u00c7\u00c3O DE RUA sejam acolhidas em abrigos, com direito \u00e0 assist\u00eancia m\u00e9dica, alimenta\u00e7\u00e3o, higieniza\u00e7\u00e3o e boa dormida.<\/p>\n<p style=\"text-align: justify;\">&#8220;Todos devem ficar em casa! E quem n\u00e3o tem casa? Para onde v\u00e3o? Como ir\u00e3o se higienizar? Muitos desses passam dias sem um banho&#8221; disse Tony Gel.<\/p>\n\n\n<figure class=\"wp-block-image size-large\"><img loading=\"lazy\" decoding=\"async\" width=\"1024\" height=\"745\" src=\"http:\/\/blogdoedvaldomagalhaes.com.br\/wp-content\/uploads\/2020\/03\/IMG-20200321-WA0235-1024x745.jpg\" alt=\"\" class=\"wp-image-53135\" srcset=\"https:\/\/blogdoedvaldomagalhaes.com.br\/wp-content\/uploads\/2020\/03\/IMG-20200321-WA0235-1024x745.jpg 1024w, https:\/\/blogdoedvaldomagalhaes.com.br\/wp-content\/uploads\/2020\/03\/IMG-20200321-WA0235-300x218.jpg 300w, https:\/\/blogdoedvaldomagalhaes.com.br\/wp-content\/uploads\/2020\/03\/IMG-20200321-WA0235-768x559.jpg 768w, https:\/\/blogdoedvaldomagalhaes.com.br\/wp-content\/uploads\/2020\/03\/IMG-20200321-WA0235.jpg 1080w\" sizes=\"auto, (max-width: 1024px) 100vw, 1024px\" \/><\/figure>\n","protected":false},"excerpt":{"rendered":"<p>O Deputado Estadual Tony Gel (MDB), est\u00e1 apresentando indica\u00e7\u00e3o ao Governador do Estado, aos 184 prefeitos e prefeitas e ao&hellip;<\/p>\n","protected":false},"author":1,"featured_media":53134,"comment_status":"open","ping_status":"open","sticky":false,"template":"","format":"standard","meta":{"footnotes":""},"categories":[14122],"tags":[2,16881,17594],"class_list":["post-53133","post","type-post","status-publish","format-standard","has-post-thumbnail","hentry","category-politica","tag-blog-do-edvaldo-magalhaes","tag-caruaru-e-regiao","tag-tony-gel-pede-que-municipios-acolham-moradores-de-rua"],"_links":{"self":[{"href":"https:\/\/blogdoedvaldomagalhaes.com.br\/index.php\/wp-json\/wp\/v2\/posts\/53133","targetHints":{"allow":["GET"]}}],"collection":[{"href":"https:\/\/blogdoedvaldomagalhaes.com.br\/index.php\/wp-json\/wp\/v2\/posts"}],"about":[{"href":"https:\/\/blogdoedvaldomagalhaes.com.br\/index.php\/wp-json\/wp\/v2\/types\/post"}],"author":[{"embeddable":true,"href":"https:\/\/blogdoedvaldomagalhaes.com.br\/index.php\/wp-json\/wp\/v2\/users\/1"}],"replies":[{"embeddable":true,"href":"https:\/\/blogdoedvaldomagalhaes.com.br\/index.php\/wp-json\/wp\/v2\/comments?post=53133"}],"version-history":[{"count":2,"href":"https:\/\/blogdoedvaldomagalhaes.com.br\/index.php\/wp-json\/wp\/v2\/posts\/53133\/revisions"}],"predecessor-version":[{"id":53137,"href":"https:\/\/blogdoedvaldomagalhaes.com.br\/index.php\/wp-json\/wp\/v2\/posts\/53133\/revisions\/53137"}],"wp:featuredmedia":[{"embeddable":true,"href":"https:\/\/blogdoedvaldomagalhaes.com.br\/index.php\/wp-json\/wp\/v2\/media\/53134"}],"wp:attachment":[{"href":"https:\/\/blogdoedvaldomagalhaes.com.br\/index.php\/wp-json\/wp\/v2\/media?parent=53133"}],"wp:term":[{"taxonomy":"category","embeddable":true,"href":"https:\/\/blogdoedvaldomagalhaes.com.br\/index.php\/wp-json\/wp\/v2\/categories?post=53133"},{"taxonomy":"post_tag","embeddable":true,"href":"https:\/\/blogdoedvaldomagalhaes.com.br\/index.php\/wp-json\/wp\/v2\/tags?post=53133"}],"curies":[{"name":"wp","href":"https:\/\/api.w.org\/{rel}","templated":true}]}}